{"id":12111,"date":"2019-08-31T17:55:28","date_gmt":"2019-08-31T17:55:28","guid":{"rendered":"https:\/\/colchonesaznar.com\/blog\/?p=12111"},"modified":"2021-07-05T07:41:45","modified_gmt":"2021-07-05T07:41:45","slug":"dormir-con-el-pelo-mojado","status":"publish","type":"post","link":"https:\/\/colchonesaznar.com\/blog\/dormir-con-el-pelo-mojado\/","title":{"rendered":"\u00bfCu\u00e1les son los peligros de dormir con el pelo mojado?"},"content":{"rendered":"<p><strong>Puede que t\u00fa seas de esos que les encanta dormir con el pelo mojado, pero, \u00bferes consciente de los problemas de salud que te puede acarrear?\u00a0<\/strong><\/p>\n<p>S\u00ed, ya lo dec\u00edan las madres y las abuelas, jam\u00e1s te acuestes con el pelo mojado si no quieres levantarte moqueando o con un buen catarro.<\/p>\n<p style=\"text-align: center;\"><span style=\"color: #339966;\">Durante el invierno, \u00bfno sueles dormir con el pelo mojado, verdad?<\/span><\/p>\n<p>Pero en verano en m\u00e1s de un ocasi\u00f3n has sentido la tentaci\u00f3n de darte una ducha bien fresca y dejar la melena h\u00fameda durante toda la noche.<\/p>\n<h2 style=\"text-align: center;\"><strong>\u2b55 Efectos de dormir con el pelo mojado \u2b55<\/strong><\/h2>\n<p>Dormir con el pelo mojado refresca, para que te vamos a enga\u00f1ar. Adem\u00e1s, muchas son las que lo hacen como una t\u00e9cnica para mejorar su estilismo.<\/p>\n<p>Hacer un mo\u00f1o con el cabello a\u00fan con mucha agua supone que te levantes con ondulaciones y otros efectos que aportan un look rompedor. Pero es que <strong>el estar guapa\/o no compensa las consecuencias negativas que tiene decir adi\u00f3s al secador:\u00a0<\/strong><\/p>\n<p><img loading=\"lazy\" decoding=\"async\" class=\"alignnone size-large wp-image-12117\" src=\"https:\/\/colchonesaznar.com\/blog\/wp-content\/uploads\/2019\/08\/dormir-con-el-pelo-mojado-1-1024x682.jpg\" alt=\"dormir con el pelo mojado\" width=\"696\" height=\"464\" srcset=\"https:\/\/colchonesaznar.com\/blog\/wp-content\/uploads\/2019\/08\/dormir-con-el-pelo-mojado-1-1024x682.jpg 1024w, https:\/\/colchonesaznar.com\/blog\/wp-content\/uploads\/2019\/08\/dormir-con-el-pelo-mojado-1-300x200.jpg 300w, https:\/\/colchonesaznar.com\/blog\/wp-content\/uploads\/2019\/08\/dormir-con-el-pelo-mojado-1-768x512.jpg 768w, https:\/\/colchonesaznar.com\/blog\/wp-content\/uploads\/2019\/08\/dormir-con-el-pelo-mojado-1-696x464.jpg 696w, https:\/\/colchonesaznar.com\/blog\/wp-content\/uploads\/2019\/08\/dormir-con-el-pelo-mojado-1-1068x712.jpg 1068w, https:\/\/colchonesaznar.com\/blog\/wp-content\/uploads\/2019\/08\/dormir-con-el-pelo-mojado-1-630x420.jpg 630w, https:\/\/colchonesaznar.com\/blog\/wp-content\/uploads\/2019\/08\/dormir-con-el-pelo-mojado-1.jpg 1880w\" sizes=\"auto, (max-width: 696px) 100vw, 696px\" \/><\/p>\n<h3 style=\"text-align: center;\">Dolor de cabeza<\/h3>\n<p>Si duermes con el pelo totalmente empapado, el contraste de fr\u00edo y calor desemboca en un desorden de la temperatura corporal.<\/p>\n<p>De igual manera, si eres de los que lo deja <strong>envuelto en una toalla, la presi\u00f3n afecta a la circulaci\u00f3n en el cuero cabelludo<\/strong>, lo que provoca:<\/p>\n<ul>\n<li>Cefaleas \u2714\ufe0f<\/li>\n<li>Migra\u00f1as \u2714\ufe0f<\/li>\n<\/ul>\n<h3 style=\"text-align: center;\">Dolores musculares<\/h3>\n<p>Si bien es cierto que <strong>estas dolencias pueden deberse a muchas causas -edad, problemas con el colch\u00f3n<\/strong>&#8211; no hay que descartar que el pelo mojado tenga algo que ver.<\/p>\n<p>Y es que los expertos afirman que echarte a la cama con las gotas de agua cayendo sobre la almohada tambi\u00e9n conducen a:<\/p>\n<ul>\n<li>Calambres musculares \u2714\ufe0f<\/li>\n<li>Tensi\u00f3n muscular \u2714\ufe0f<\/li>\n<\/ul>\n<h3 style=\"text-align: center;\">Alergias<\/h3>\n<p>Durante esas horas de sue\u00f1o, tener el pelo humedecido supondr\u00e1 que el sistema inmunitario se debilite, de ah\u00ed que sean m\u00e1s frecuentes los citados catarros.<\/p>\n<p>Lo mismo sucede con alergias. Si eres de los que llegada la primavera vas siempre con pa\u00f1uelo en mano,\u00a0 el cabello mojado <strong>atrapa m\u00e1s los \u00e1caros y el polvo.\u00a0<\/strong><\/p>\n<h3 style=\"text-align: center;\">Infecciones cut\u00e1neas<\/h3>\n<p>El pelo mojado no respira lo suficiente durante la noche. Le falta aire. De esa manera, la proliferaci\u00f3n de hongos y de otras bacterias es m\u00e1s que probable.<\/p>\n<p>Las consecuencias: irritaciones<strong> en el cuero cabelludo adem\u00e1s de en las zonas de la piel que est\u00e9n cercanas al mismo.\u00a0<\/strong><\/p>\n<blockquote><p>Tambi\u00e9n son frecuentes los picores e inflamaciones por el exceso de humedad<\/p><\/blockquote>\n<h3>Cabello graso y casposo<\/h3>\n<p>De nuevo, la humedad se queda completamente impregnada en el pelo. La escasa ventilaci\u00f3n hace que el trabajo del cuero cabelludo sea mayor. Esto lleva inevitablemente a un <strong>debilitamiento de la capa de protecci\u00f3n<\/strong>.<\/p>\n<p>Si no te quieres dejar un dinero en tratamientos de limpieza para la regeneraci\u00f3n, una vez m\u00e1s no dejes a un lado el secador.<\/p>\n<p>Sumado a ello, la <strong>proliferaci\u00f3n de esos peque\u00f1os hongos<\/strong> tambi\u00e9n favorece el aumento de caspa.<\/p>\n<h2 style=\"text-align: center;\"><strong>\u00bfDormir con el pelo mojado afecta al colch\u00f3n y la almohada?\u00a0<\/strong><\/h2>\n<p>Hace poco hicimos hincapi\u00e9 en c\u00f3mo eliminar los<a href=\"https:\/\/colchonesaznar.com\/blog\/malos-olores-del-colchon\/\"> malos olores del colch\u00f3n<\/a>. El objetivo es que esos horribles aromas no aparezcan nunca, pero dormir con el pelo mojado puede alimentar su entrada en escena. \u00bfPor qu\u00e9?<\/p>\n<p>\u2714\ufe0fLa <strong>humedad se concentrar\u00e1 sobre todo la almohada<\/strong>, pero si te mueves mucho el agua del pelo tambi\u00e9n puede pasar a la cama, igual que sucede con el sudor.<\/p>\n<p>\u2714\ufe0fLos citados <strong>microorganismos<\/strong> como hongos encuentran en un colch\u00f3n mojado el clima ideal para asentarse.<\/p>\n<p>De esta forma, si no la ventilas lo suficiente, la almohada tendr\u00e1 que ser remplazada antes de lo que quisieras.<\/p>\n<p>A\u00fan as\u00ed, si con estas alertas, no puedes soportar una noche sin notar ese frescor en el pelo, lo mejor es<strong> cambiar la almohada de algod\u00f3n por una de seda<\/strong> o la <a href=\"https:\/\/colchonesaznar.com\/almohadas-de-viscoelastica\/210-almohada-visco-carbono-plus.html#\/medidas_almohadas-70cm\">visco carbono plus<\/a>, disponible en Colchones Aznar.<\/p>\n<p><img loading=\"lazy\" decoding=\"async\" class=\"size-full wp-image-12118 aligncenter\" src=\"https:\/\/colchonesaznar.com\/blog\/wp-content\/uploads\/2019\/08\/almohada-visco-carbono-plus.jpg\" alt=\"almohada visco carbono plus colchones aznar\" width=\"225\" height=\"225\" srcset=\"https:\/\/colchonesaznar.com\/blog\/wp-content\/uploads\/2019\/08\/almohada-visco-carbono-plus.jpg 225w, https:\/\/colchonesaznar.com\/blog\/wp-content\/uploads\/2019\/08\/almohada-visco-carbono-plus-150x150.jpg 150w\" sizes=\"auto, (max-width: 225px) 100vw, 225px\" \/><\/p>\n<p style=\"text-align: center;\"><span style=\"color: #339966;\">\u00bfConoces los riesgos que lleva dormir con el pelo mojado? \u00bfHasta qu\u00e9 punto es m\u00e1s importante cuidar la salud que dormir fresco?<\/span><\/p>\n<p style=\"text-align: center;\">Cu\u00e9ntanos qu\u00e9 necesitas. <a href=\"https:\/\/colchonesaznar.com\/es\/contactenos\">Queremos ayudarte<\/a>.<\/p>\n","protected":false},"excerpt":{"rendered":"<p>Puede que t\u00fa seas de esos que les encanta dormir con el pelo mojado, pero, \u00bferes consciente de los problemas de salud que te puede acarrear?\u00a0 S\u00ed, ya lo dec\u00edan las madres y las abuelas, jam\u00e1s te acuestes con el pelo mojado si no quieres levantarte moqueando o con un buen catarro. Durante el invierno, [&hellip;]<\/p>\n","protected":false},"author":7,"featured_media":12116,"comment_status":"open","ping_status":"open","sticky":false,"template":"","format":"standard","meta":{"footnotes":""},"categories":[477],"tags":[219,510],"class_list":["post-12111","post","type-post","status-publish","format-standard","has-post-thumbnail","hentry","category-curiosidades","tag-dormir","tag-pelo-mojado"],"yoast_head":"<!-- This site is optimized with the Yoast SEO plugin v27.9 - https:\/\/yoast.com\/product\/yoast-seo-wordpress\/ -->\n<title>\u00bfCu\u00e1les son los peligros de dormir con el pelo mojado? - ColchonesAznar - Blog<\/title>\n<meta name=\"robots\" content=\"index, follow, max-snippet:-1, max-image-preview:large, max-video-preview:-1\" \/>\n<link rel=\"canonical\" href=\"https:\/\/colchonesaznar.com\/blog\/dormir-con-el-pelo-mojado\/\" \/>\n<meta property=\"og:locale\" content=\"es_ES\" \/>\n<meta property=\"og:type\" content=\"article\" \/>\n<meta property=\"og:title\" content=\"\u00bfCu\u00e1les son los peligros de dormir con el pelo mojado? - ColchonesAznar - Blog\" \/>\n<meta property=\"og:description\" content=\"Puede que t\u00fa seas de esos que les encanta dormir con el pelo mojado, pero, \u00bferes consciente de los problemas de salud que te puede acarrear?\u00a0 S\u00ed, ya lo dec\u00edan las madres y las abuelas, jam\u00e1s te acuestes con el pelo mojado si no quieres levantarte moqueando o con un buen catarro. Durante el invierno, [&hellip;]\" \/>\n<meta property=\"og:url\" content=\"https:\/\/colchonesaznar.com\/blog\/dormir-con-el-pelo-mojado\/\" \/>\n<meta property=\"og:site_name\" content=\"ColchonesAznar - Blog\" \/>\n<meta property=\"article:publisher\" content=\"https:\/\/www.facebook.com\/ColchonesAznar\/\" \/>\n<meta property=\"article:published_time\" content=\"2019-08-31T17:55:28+00:00\" \/>\n<meta property=\"article:modified_time\" content=\"2021-07-05T07:41:45+00:00\" \/>\n<meta property=\"og:image\" content=\"https:\/\/colchonesaznar.com\/blog\/wp-content\/uploads\/2019\/08\/dormir-con-el-pelo-mojado.jpg\" \/>\n\t<meta property=\"og:image:width\" content=\"1024\" \/>\n\t<meta property=\"og:image:height\" content=\"661\" \/>\n\t<meta property=\"og:image:type\" content=\"image\/jpeg\" \/>\n<meta name=\"author\" content=\"Experto\" \/>\n<meta name=\"twitter:card\" content=\"summary_large_image\" \/>\n<meta name=\"twitter:creator\" content=\"@colchonesaznar\" \/>\n<meta name=\"twitter:site\" content=\"@colchonesaznar\" \/>\n<meta name=\"twitter:label1\" content=\"Escrito por\" \/>\n\t<meta name=\"twitter:data1\" content=\"Experto\" \/>\n\t<meta name=\"twitter:label2\" content=\"Tiempo de lectura\" \/>\n\t<meta name=\"twitter:data2\" content=\"3 minutos\" \/>\n<script type=\"application\/ld+json\" class=\"yoast-schema-graph\">{\"@context\":\"https:\\\/\\\/schema.org\",\"@graph\":[{\"@type\":\"Article\",\"@id\":\"https:\\\/\\\/colchonesaznar.com\\\/blog\\\/dormir-con-el-pelo-mojado\\\/#article\",\"isPartOf\":{\"@id\":\"https:\\\/\\\/colchonesaznar.com\\\/blog\\\/dormir-con-el-pelo-mojado\\\/\"},\"author\":{\"name\":\"Experto\",\"@id\":\"https:\\\/\\\/colchonesaznar.com\\\/blog\\\/#\\\/schema\\\/person\\\/9c082b62743326738763277031fec1ff\"},\"headline\":\"\u00bfCu\u00e1les son los peligros de dormir con el pelo mojado?\",\"datePublished\":\"2019-08-31T17:55:28+00:00\",\"dateModified\":\"2021-07-05T07:41:45+00:00\",\"mainEntityOfPage\":{\"@id\":\"https:\\\/\\\/colchonesaznar.com\\\/blog\\\/dormir-con-el-pelo-mojado\\\/\"},\"wordCount\":703,\"commentCount\":0,\"publisher\":{\"@id\":\"https:\\\/\\\/colchonesaznar.com\\\/blog\\\/#organization\"},\"image\":{\"@id\":\"https:\\\/\\\/colchonesaznar.com\\\/blog\\\/dormir-con-el-pelo-mojado\\\/#primaryimage\"},\"thumbnailUrl\":\"https:\\\/\\\/colchonesaznar.com\\\/blog\\\/wp-content\\\/uploads\\\/2019\\\/08\\\/dormir-con-el-pelo-mojado.jpg\",\"keywords\":[\"Dormir\",\"pelo mojado\"],\"articleSection\":[\"Curiosidades\"],\"inLanguage\":\"es\",\"potentialAction\":[{\"@type\":\"CommentAction\",\"name\":\"Comment\",\"target\":[\"https:\\\/\\\/colchonesaznar.com\\\/blog\\\/dormir-con-el-pelo-mojado\\\/#respond\"]}]},{\"@type\":\"WebPage\",\"@id\":\"https:\\\/\\\/colchonesaznar.com\\\/blog\\\/dormir-con-el-pelo-mojado\\\/\",\"url\":\"https:\\\/\\\/colchonesaznar.com\\\/blog\\\/dormir-con-el-pelo-mojado\\\/\",\"name\":\"\u00bfCu\u00e1les son los peligros de dormir con el pelo mojado? - ColchonesAznar - Blog\",\"isPartOf\":{\"@id\":\"https:\\\/\\\/colchonesaznar.com\\\/blog\\\/#website\"},\"primaryImageOfPage\":{\"@id\":\"https:\\\/\\\/colchonesaznar.com\\\/blog\\\/dormir-con-el-pelo-mojado\\\/#primaryimage\"},\"image\":{\"@id\":\"https:\\\/\\\/colchonesaznar.com\\\/blog\\\/dormir-con-el-pelo-mojado\\\/#primaryimage\"},\"thumbnailUrl\":\"https:\\\/\\\/colchonesaznar.com\\\/blog\\\/wp-content\\\/uploads\\\/2019\\\/08\\\/dormir-con-el-pelo-mojado.jpg\",\"datePublished\":\"2019-08-31T17:55:28+00:00\",\"dateModified\":\"2021-07-05T07:41:45+00:00\",\"breadcrumb\":{\"@id\":\"https:\\\/\\\/colchonesaznar.com\\\/blog\\\/dormir-con-el-pelo-mojado\\\/#breadcrumb\"},\"inLanguage\":\"es\",\"potentialAction\":[{\"@type\":\"ReadAction\",\"target\":[\"https:\\\/\\\/colchonesaznar.com\\\/blog\\\/dormir-con-el-pelo-mojado\\\/\"]}]},{\"@type\":\"ImageObject\",\"inLanguage\":\"es\",\"@id\":\"https:\\\/\\\/colchonesaznar.com\\\/blog\\\/dormir-con-el-pelo-mojado\\\/#primaryimage\",\"url\":\"https:\\\/\\\/colchonesaznar.com\\\/blog\\\/wp-content\\\/uploads\\\/2019\\\/08\\\/dormir-con-el-pelo-mojado.jpg\",\"contentUrl\":\"https:\\\/\\\/colchonesaznar.com\\\/blog\\\/wp-content\\\/uploads\\\/2019\\\/08\\\/dormir-con-el-pelo-mojado.jpg\",\"width\":1024,\"height\":661,\"caption\":\"dormir con el pelo mojado\"},{\"@type\":\"BreadcrumbList\",\"@id\":\"https:\\\/\\\/colchonesaznar.com\\\/blog\\\/dormir-con-el-pelo-mojado\\\/#breadcrumb\",\"itemListElement\":[{\"@type\":\"ListItem\",\"position\":1,\"name\":\"Home\",\"item\":\"https:\\\/\\\/colchonesaznar.com\\\/blog\\\/\"},{\"@type\":\"ListItem\",\"position\":2,\"name\":\"\u00bfCu\u00e1les son los peligros de dormir con el pelo mojado?\"}]},{\"@type\":\"WebSite\",\"@id\":\"https:\\\/\\\/colchonesaznar.com\\\/blog\\\/#website\",\"url\":\"https:\\\/\\\/colchonesaznar.com\\\/blog\\\/\",\"name\":\"Colchones Aznar - Blog\",\"description\":\"ColchonesAznar\",\"publisher\":{\"@id\":\"https:\\\/\\\/colchonesaznar.com\\\/blog\\\/#organization\"},\"potentialAction\":[{\"@type\":\"SearchAction\",\"target\":{\"@type\":\"EntryPoint\",\"urlTemplate\":\"https:\\\/\\\/colchonesaznar.com\\\/blog\\\/?s={search_term_string}\"},\"query-input\":{\"@type\":\"PropertyValueSpecification\",\"valueRequired\":true,\"valueName\":\"search_term_string\"}}],\"inLanguage\":\"es\"},{\"@type\":\"Organization\",\"@id\":\"https:\\\/\\\/colchonesaznar.com\\\/blog\\\/#organization\",\"name\":\"Colchones Aznar\",\"url\":\"https:\\\/\\\/colchonesaznar.com\\\/blog\\\/\",\"logo\":{\"@type\":\"ImageObject\",\"inLanguage\":\"es\",\"@id\":\"https:\\\/\\\/colchonesaznar.com\\\/blog\\\/#\\\/schema\\\/logo\\\/image\\\/\",\"url\":\"https:\\\/\\\/colchonesaznar.com\\\/blog\\\/wp-content\\\/uploads\\\/2019\\\/04\\\/opiniones-colchones.jpg\",\"contentUrl\":\"https:\\\/\\\/colchonesaznar.com\\\/blog\\\/wp-content\\\/uploads\\\/2019\\\/04\\\/opiniones-colchones.jpg\",\"width\":1419,\"height\":1419,\"caption\":\"Colchones Aznar\"},\"image\":{\"@id\":\"https:\\\/\\\/colchonesaznar.com\\\/blog\\\/#\\\/schema\\\/logo\\\/image\\\/\"},\"sameAs\":[\"https:\\\/\\\/www.facebook.com\\\/ColchonesAznar\\\/\",\"https:\\\/\\\/x.com\\\/colchonesaznar\",\"https:\\\/\\\/www.instagram.com\\\/aznarcolchones\\\/?hl=es\"]},{\"@type\":\"Person\",\"@id\":\"https:\\\/\\\/colchonesaznar.com\\\/blog\\\/#\\\/schema\\\/person\\\/9c082b62743326738763277031fec1ff\",\"name\":\"Experto\",\"image\":{\"@type\":\"ImageObject\",\"inLanguage\":\"es\",\"@id\":\"https:\\\/\\\/secure.gravatar.com\\\/avatar\\\/4e247aaf28da6d4140c419f96046c8f1c4168f2064235099605898886bb4b57e?s=96&d=mm&r=g\",\"url\":\"https:\\\/\\\/secure.gravatar.com\\\/avatar\\\/4e247aaf28da6d4140c419f96046c8f1c4168f2064235099605898886bb4b57e?s=96&d=mm&r=g\",\"contentUrl\":\"https:\\\/\\\/secure.gravatar.com\\\/avatar\\\/4e247aaf28da6d4140c419f96046c8f1c4168f2064235099605898886bb4b57e?s=96&d=mm&r=g\",\"caption\":\"Experto\"},\"sameAs\":[\"https:\\\/\\\/es.linkedin.com\\\/in\\\/manuel-monreal-97913744\"],\"url\":\"https:\\\/\\\/colchonesaznar.com\\\/blog\\\/author\\\/manuel\\\/\"}]}<\/script>\n<!-- \/ Yoast SEO plugin. -->","yoast_head_json":{"title":"\u00bfCu\u00e1les son los peligros de dormir con el pelo mojado? - ColchonesAznar - Blog","robots":{"index":"index","follow":"follow","max-snippet":"max-snippet:-1","max-image-preview":"max-image-preview:large","max-video-preview":"max-video-preview:-1"},"canonical":"https:\/\/colchonesaznar.com\/blog\/dormir-con-el-pelo-mojado\/","og_locale":"es_ES","og_type":"article","og_title":"\u00bfCu\u00e1les son los peligros de dormir con el pelo mojado? - ColchonesAznar - Blog","og_description":"Puede que t\u00fa seas de esos que les encanta dormir con el pelo mojado, pero, \u00bferes consciente de los problemas de salud que te puede acarrear?\u00a0 S\u00ed, ya lo dec\u00edan las madres y las abuelas, jam\u00e1s te acuestes con el pelo mojado si no quieres levantarte moqueando o con un buen catarro. Durante el invierno, [&hellip;]","og_url":"https:\/\/colchonesaznar.com\/blog\/dormir-con-el-pelo-mojado\/","og_site_name":"ColchonesAznar - Blog","article_publisher":"https:\/\/www.facebook.com\/ColchonesAznar\/","article_published_time":"2019-08-31T17:55:28+00:00","article_modified_time":"2021-07-05T07:41:45+00:00","og_image":[{"width":1024,"height":661,"url":"https:\/\/colchonesaznar.com\/blog\/wp-content\/uploads\/2019\/08\/dormir-con-el-pelo-mojado.jpg","type":"image\/jpeg"}],"author":"Experto","twitter_card":"summary_large_image","twitter_creator":"@colchonesaznar","twitter_site":"@colchonesaznar","twitter_misc":{"Escrito por":"Experto","Tiempo de lectura":"3 minutos"},"schema":{"@context":"https:\/\/schema.org","@graph":[{"@type":"Article","@id":"https:\/\/colchonesaznar.com\/blog\/dormir-con-el-pelo-mojado\/#article","isPartOf":{"@id":"https:\/\/colchonesaznar.com\/blog\/dormir-con-el-pelo-mojado\/"},"author":{"name":"Experto","@id":"https:\/\/colchonesaznar.com\/blog\/#\/schema\/person\/9c082b62743326738763277031fec1ff"},"headline":"\u00bfCu\u00e1les son los peligros de dormir con el pelo mojado?","datePublished":"2019-08-31T17:55:28+00:00","dateModified":"2021-07-05T07:41:45+00:00","mainEntityOfPage":{"@id":"https:\/\/colchonesaznar.com\/blog\/dormir-con-el-pelo-mojado\/"},"wordCount":703,"commentCount":0,"publisher":{"@id":"https:\/\/colchonesaznar.com\/blog\/#organization"},"image":{"@id":"https:\/\/colchonesaznar.com\/blog\/dormir-con-el-pelo-mojado\/#primaryimage"},"thumbnailUrl":"https:\/\/colchonesaznar.com\/blog\/wp-content\/uploads\/2019\/08\/dormir-con-el-pelo-mojado.jpg","keywords":["Dormir","pelo mojado"],"articleSection":["Curiosidades"],"inLanguage":"es","potentialAction":[{"@type":"CommentAction","name":"Comment","target":["https:\/\/colchonesaznar.com\/blog\/dormir-con-el-pelo-mojado\/#respond"]}]},{"@type":"WebPage","@id":"https:\/\/colchonesaznar.com\/blog\/dormir-con-el-pelo-mojado\/","url":"https:\/\/colchonesaznar.com\/blog\/dormir-con-el-pelo-mojado\/","name":"\u00bfCu\u00e1les son los peligros de dormir con el pelo mojado? - ColchonesAznar - Blog","isPartOf":{"@id":"https:\/\/colchonesaznar.com\/blog\/#website"},"primaryImageOfPage":{"@id":"https:\/\/colchonesaznar.com\/blog\/dormir-con-el-pelo-mojado\/#primaryimage"},"image":{"@id":"https:\/\/colchonesaznar.com\/blog\/dormir-con-el-pelo-mojado\/#primaryimage"},"thumbnailUrl":"https:\/\/colchonesaznar.com\/blog\/wp-content\/uploads\/2019\/08\/dormir-con-el-pelo-mojado.jpg","datePublished":"2019-08-31T17:55:28+00:00","dateModified":"2021-07-05T07:41:45+00:00","breadcrumb":{"@id":"https:\/\/colchonesaznar.com\/blog\/dormir-con-el-pelo-mojado\/#breadcrumb"},"inLanguage":"es","potentialAction":[{"@type":"ReadAction","target":["https:\/\/colchonesaznar.com\/blog\/dormir-con-el-pelo-mojado\/"]}]},{"@type":"ImageObject","inLanguage":"es","@id":"https:\/\/colchonesaznar.com\/blog\/dormir-con-el-pelo-mojado\/#primaryimage","url":"https:\/\/colchonesaznar.com\/blog\/wp-content\/uploads\/2019\/08\/dormir-con-el-pelo-mojado.jpg","contentUrl":"https:\/\/colchonesaznar.com\/blog\/wp-content\/uploads\/2019\/08\/dormir-con-el-pelo-mojado.jpg","width":1024,"height":661,"caption":"dormir con el pelo mojado"},{"@type":"BreadcrumbList","@id":"https:\/\/colchonesaznar.com\/blog\/dormir-con-el-pelo-mojado\/#breadcrumb","itemListElement":[{"@type":"ListItem","position":1,"name":"Home","item":"https:\/\/colchonesaznar.com\/blog\/"},{"@type":"ListItem","position":2,"name":"\u00bfCu\u00e1les son los peligros de dormir con el pelo mojado?"}]},{"@type":"WebSite","@id":"https:\/\/colchonesaznar.com\/blog\/#website","url":"https:\/\/colchonesaznar.com\/blog\/","name":"Colchones Aznar - Blog","description":"ColchonesAznar","publisher":{"@id":"https:\/\/colchonesaznar.com\/blog\/#organization"},"potentialAction":[{"@type":"SearchAction","target":{"@type":"EntryPoint","urlTemplate":"https:\/\/colchonesaznar.com\/blog\/?s={search_term_string}"},"query-input":{"@type":"PropertyValueSpecification","valueRequired":true,"valueName":"search_term_string"}}],"inLanguage":"es"},{"@type":"Organization","@id":"https:\/\/colchonesaznar.com\/blog\/#organization","name":"Colchones Aznar","url":"https:\/\/colchonesaznar.com\/blog\/","logo":{"@type":"ImageObject","inLanguage":"es","@id":"https:\/\/colchonesaznar.com\/blog\/#\/schema\/logo\/image\/","url":"https:\/\/colchonesaznar.com\/blog\/wp-content\/uploads\/2019\/04\/opiniones-colchones.jpg","contentUrl":"https:\/\/colchonesaznar.com\/blog\/wp-content\/uploads\/2019\/04\/opiniones-colchones.jpg","width":1419,"height":1419,"caption":"Colchones Aznar"},"image":{"@id":"https:\/\/colchonesaznar.com\/blog\/#\/schema\/logo\/image\/"},"sameAs":["https:\/\/www.facebook.com\/ColchonesAznar\/","https:\/\/x.com\/colchonesaznar","https:\/\/www.instagram.com\/aznarcolchones\/?hl=es"]},{"@type":"Person","@id":"https:\/\/colchonesaznar.com\/blog\/#\/schema\/person\/9c082b62743326738763277031fec1ff","name":"Experto","image":{"@type":"ImageObject","inLanguage":"es","@id":"https:\/\/secure.gravatar.com\/avatar\/4e247aaf28da6d4140c419f96046c8f1c4168f2064235099605898886bb4b57e?s=96&d=mm&r=g","url":"https:\/\/secure.gravatar.com\/avatar\/4e247aaf28da6d4140c419f96046c8f1c4168f2064235099605898886bb4b57e?s=96&d=mm&r=g","contentUrl":"https:\/\/secure.gravatar.com\/avatar\/4e247aaf28da6d4140c419f96046c8f1c4168f2064235099605898886bb4b57e?s=96&d=mm&r=g","caption":"Experto"},"sameAs":["https:\/\/es.linkedin.com\/in\/manuel-monreal-97913744"],"url":"https:\/\/colchonesaznar.com\/blog\/author\/manuel\/"}]}},"_links":{"self":[{"href":"https:\/\/colchonesaznar.com\/blog\/wp-json\/wp\/v2\/posts\/12111","targetHints":{"allow":["GET"]}}],"collection":[{"href":"https:\/\/colchonesaznar.com\/blog\/wp-json\/wp\/v2\/posts"}],"about":[{"href":"https:\/\/colchonesaznar.com\/blog\/wp-json\/wp\/v2\/types\/post"}],"author":[{"embeddable":true,"href":"https:\/\/colchonesaznar.com\/blog\/wp-json\/wp\/v2\/users\/7"}],"replies":[{"embeddable":true,"href":"https:\/\/colchonesaznar.com\/blog\/wp-json\/wp\/v2\/comments?post=12111"}],"version-history":[{"count":9,"href":"https:\/\/colchonesaznar.com\/blog\/wp-json\/wp\/v2\/posts\/12111\/revisions"}],"predecessor-version":[{"id":13644,"href":"https:\/\/colchonesaznar.com\/blog\/wp-json\/wp\/v2\/posts\/12111\/revisions\/13644"}],"wp:featuredmedia":[{"embeddable":true,"href":"https:\/\/colchonesaznar.com\/blog\/wp-json\/wp\/v2\/media\/12116"}],"wp:attachment":[{"href":"https:\/\/colchonesaznar.com\/blog\/wp-json\/wp\/v2\/media?parent=12111"}],"wp:term":[{"taxonomy":"category","embeddable":true,"href":"https:\/\/colchonesaznar.com\/blog\/wp-json\/wp\/v2\/categories?post=12111"},{"taxonomy":"post_tag","embeddable":true,"href":"https:\/\/colchonesaznar.com\/blog\/wp-json\/wp\/v2\/tags?post=12111"}],"curies":[{"name":"wp","href":"https:\/\/api.w.org\/{rel}","templated":true}]}}