{"id":12384,"date":"2019-11-19T08:12:35","date_gmt":"2019-11-19T08:12:35","guid":{"rendered":"https:\/\/colchonesaznar.com\/blog\/?p=12384"},"modified":"2019-12-02T20:45:39","modified_gmt":"2019-12-02T20:45:39","slug":"dormir-con-coleta","status":"publish","type":"post","link":"https:\/\/colchonesaznar.com\/blog\/dormir-con-coleta\/","title":{"rendered":"5 razones para no dormir con coleta"},"content":{"rendered":"<p class=\"Cuerpo\"><strong><span lang=\"ES-TRAD\">Si ten\u00e9is el pelo largo y os gusta dormir con coleta, os habr\u00e9is preguntado muchas veces si es una buena idea acostarse con el pelo recogido, \u00bfverdad? Y es que nuestra melena lo es todo para nosotros, es una parte indispensable de nuestra look.<\/span><\/strong><\/p>\n<blockquote>\n<p class=\"Cuerpo\"><span lang=\"ES-TRAD\">Dormir con coleta es el peinado por excelencia tanto en verano como en invierno. Y es que tumbados en la cama lo que m\u00e1s buscamos es <span class=\"Ninguno\"><b>comodidad<\/b><\/span>. <\/span><\/p>\n<\/blockquote>\n<p class=\"Cuerpo\"><span lang=\"ES-TRAD\">Por ello, a parte de preocuparte por el cabello, tambi\u00e9n deb\u00e9s <span class=\"Ninguno\"><b>elegir la almohada ideal adaptada a vuestras necesidades, <\/b><\/span>ya que esto tambi\u00e9n influye en el bienestar de vuestro cabello. En eso, Colchones Aznar os puede ayudar.\u00a0<\/span><\/p>\n<p><img loading=\"lazy\" decoding=\"async\" class=\"alignnone wp-image-12389 size-full\" src=\"https:\/\/colchonesaznar.com\/blog\/wp-content\/uploads\/2019\/11\/dormir-con-coleta-1.jpg\" alt=\"dormir con coleta\" width=\"793\" height=\"414\" srcset=\"https:\/\/colchonesaznar.com\/blog\/wp-content\/uploads\/2019\/11\/dormir-con-coleta-1.jpg 793w, https:\/\/colchonesaznar.com\/blog\/wp-content\/uploads\/2019\/11\/dormir-con-coleta-1-300x157.jpg 300w, https:\/\/colchonesaznar.com\/blog\/wp-content\/uploads\/2019\/11\/dormir-con-coleta-1-768x401.jpg 768w, https:\/\/colchonesaznar.com\/blog\/wp-content\/uploads\/2019\/11\/dormir-con-coleta-1-696x363.jpg 696w\" sizes=\"auto, (max-width: 793px) 100vw, 793px\" \/><\/p>\n<h2 style=\"text-align: center;\">5 razones por las que no dormir con coleta<\/h2>\n<h3>Frenada del crecimiento<\/h3>\n<p class=\"Cuerpo\"><span lang=\"ES-TRAD\">Dormir con coleta, sobre todo con una goma muy apretada, puede hacernos padecer una <strong>frenada del crecimiento natural de nuestro pelo<\/strong> y tambi\u00e9n puede acelerarnos la ca\u00edda. Por eso, es recomendable que dej\u00e9is la melena suelta, sin ataduras.<\/span><\/p>\n<h3>Salud capilar<\/h3>\n<p class=\"Cuerpo\"><span lang=\"ES-TRAD\">El\u00a0cuero cabelludo\u00a0es sensible, por lo que\u00a0hacer una coleta\u00a0demasiado tirante no es una buena idea, ya que hace que<strong> el\u00a0cabello\u00a0se vuelva m\u00e1s fr\u00e1gil y quebradizo.<\/strong><\/span><\/p>\n<h3>Sin brillo<\/h3>\n<p class=\"Cuerpo\"><span lang=\"ES-TRAD\">El roce con la almohada har\u00e1 que<strong> vuestro cabello suelte m\u00e1s grasa<\/strong>, y si dorm\u00eds con coleta, rozar\u00e1 toda la parte exterior de tu cabello.<\/span><\/p>\n<h3>Mayor sequedad<\/h3>\n<p class=\"Cuerpo\"><span lang=\"ES-TRAD\">Al dormir con coleta, por la presi\u00f3n que ejerce, puede\u00a0<strong>perjudicar el proceso de circulaci\u00f3n normal e irritaros vuestro cuero cabelludo. <\/strong>De esta manera pod\u00e9is llegar a experimentar una sequedad mayor.<\/span><\/p>\n<h3>Falta de respiraci\u00f3n<\/h3>\n<p class=\"Cuerpo\"><span lang=\"ES-TRAD\">Mientras dorm\u00eds, <strong>es el momento ideal para que el cabello respire, ya que no recibe agresiones externas como el fr\u00edo o la humedad<\/strong>, as\u00ed que lo ideal es no comprimirlo en una coleta.<\/span><\/p>\n<p><img loading=\"lazy\" decoding=\"async\" class=\"alignnone wp-image-12394 size-full\" src=\"https:\/\/colchonesaznar.com\/blog\/wp-content\/uploads\/2019\/11\/dormir-con-coleta-2.jpg\" alt=\"dormir con coleta\" width=\"1280\" height=\"720\" srcset=\"https:\/\/colchonesaznar.com\/blog\/wp-content\/uploads\/2019\/11\/dormir-con-coleta-2.jpg 1280w, https:\/\/colchonesaznar.com\/blog\/wp-content\/uploads\/2019\/11\/dormir-con-coleta-2-300x169.jpg 300w, https:\/\/colchonesaznar.com\/blog\/wp-content\/uploads\/2019\/11\/dormir-con-coleta-2-768x432.jpg 768w, https:\/\/colchonesaznar.com\/blog\/wp-content\/uploads\/2019\/11\/dormir-con-coleta-2-1024x576.jpg 1024w, https:\/\/colchonesaznar.com\/blog\/wp-content\/uploads\/2019\/11\/dormir-con-coleta-2-696x392.jpg 696w, https:\/\/colchonesaznar.com\/blog\/wp-content\/uploads\/2019\/11\/dormir-con-coleta-2-1068x601.jpg 1068w, https:\/\/colchonesaznar.com\/blog\/wp-content\/uploads\/2019\/11\/dormir-con-coleta-2-747x420.jpg 747w\" sizes=\"auto, (max-width: 1280px) 100vw, 1280px\" \/><\/p>\n<h2 style=\"text-align: center;\">&#8211;&gt;Una buena almohada, la mejor alternativa antes de dormir con coleta<\/h2>\n<p class=\"Cuerpo\"><span lang=\"ES-TRAD\">Como hab\u00e9is le\u00eddo en el apartado anterior, el roce contra la almohada forma parte de las agresiones llamadas mec\u00e1nicas y con el paso del tiempo, la<strong> fibra capilar se desgasta por naturaleza.<\/strong><\/span><\/p>\n<h3>\u00bfCu\u00e1l es la almohada ideal para tu cabello?<\/h3>\n<p>Un buen consejo que os damos para minimizar la fricci\u00f3n de la almohada en tu pelo, a parte de dejar tu melena suelta, <strong>es usar una almohada de seda o de sat<\/strong><strong>\u00e9n<\/strong>, un tejido natural donde vuestra melena se deslizar\u00e1 sin estropearse y evitar\u00e1 que las puntas se abran.<\/p>\n<p>No obstante, \u00e9sta no es la \u00fanica opci\u00f3n. Si busc\u00e1is aunar comodidad, belleza y buena salud capilar tambi\u00e9n pod\u00e9is decantaros por:<\/p>\n<ul>\n<li><a href=\"https:\/\/colchonesaznar.com\/almohadas-de-fibra-hueca\/47-3058-almohada-fibra-aznar.html\">Almohada de fibra aznarina<\/a>: compuesta por un <strong>n\u00facleo de 100% fibra de poli\u00e9ster<\/strong> cardada y siliconada y una <strong>funda 100% microfibra<\/strong> de tacto muy suave, lo que har\u00e1 que el roce con vuestro cabello sea m\u00e1s delicado.<\/li>\n<\/ul>\n<p class=\"Cuerpo\" style=\"text-align: center;\"><span lang=\"ES-TRAD\" style=\"color: #339966;\">Esta almohada <span class=\"Ninguno\"><b>con un n\u00facleo micro-perforado<\/b><\/span>\u00a0proporciona una<strong> excelente ventilaci\u00f3n y regulaci\u00f3n de la temperatura<\/strong> en cada momento, por lo que vuestro cabello respirar\u00e1 durante toda la noche.<\/span><\/p>\n<p><img loading=\"lazy\" decoding=\"async\" class=\"size-medium wp-image-12390 aligncenter\" src=\"https:\/\/colchonesaznar.com\/blog\/wp-content\/uploads\/2019\/11\/almohada-fibra-aznar-300x300.jpg\" alt=\"\" width=\"300\" height=\"300\" srcset=\"https:\/\/colchonesaznar.com\/blog\/wp-content\/uploads\/2019\/11\/almohada-fibra-aznar-300x300.jpg 300w, https:\/\/colchonesaznar.com\/blog\/wp-content\/uploads\/2019\/11\/almohada-fibra-aznar-150x150.jpg 150w, https:\/\/colchonesaznar.com\/blog\/wp-content\/uploads\/2019\/11\/almohada-fibra-aznar-768x768.jpg 768w, https:\/\/colchonesaznar.com\/blog\/wp-content\/uploads\/2019\/11\/almohada-fibra-aznar-696x696.jpg 696w, https:\/\/colchonesaznar.com\/blog\/wp-content\/uploads\/2019\/11\/almohada-fibra-aznar-420x420.jpg 420w, https:\/\/colchonesaznar.com\/blog\/wp-content\/uploads\/2019\/11\/almohada-fibra-aznar.jpg 1000w\" sizes=\"auto, (max-width: 300px) 100vw, 300px\" \/><\/p>\n<ul>\n<li><strong>Almohadas<\/strong><a href=\"https:\/\/colchonesaznar.com\/9_pikolin\"> Pikolin<\/a><strong>, <\/strong><a href=\"https:\/\/colchonesaznar.com\/almohadas-de-viscoelastica\/95-4764-almohada-visco-vegetal.html\">Relax<\/a><strong> y Astral<\/strong>: catalogadas dentro de las<strong> transpirables<\/strong>, no generan demasiada humedad, lo que las convierte en una alternativa para evitar que se engrase.<\/li>\n<\/ul>\n<p><img loading=\"lazy\" decoding=\"async\" class=\"size-medium wp-image-12391 aligncenter\" src=\"https:\/\/colchonesaznar.com\/blog\/wp-content\/uploads\/2019\/11\/almohada-visco-vegetal-300x300.jpg\" alt=\"\" width=\"300\" height=\"300\" srcset=\"https:\/\/colchonesaznar.com\/blog\/wp-content\/uploads\/2019\/11\/almohada-visco-vegetal-300x300.jpg 300w, https:\/\/colchonesaznar.com\/blog\/wp-content\/uploads\/2019\/11\/almohada-visco-vegetal-150x150.jpg 150w, https:\/\/colchonesaznar.com\/blog\/wp-content\/uploads\/2019\/11\/almohada-visco-vegetal-768x768.jpg 768w, https:\/\/colchonesaznar.com\/blog\/wp-content\/uploads\/2019\/11\/almohada-visco-vegetal-696x696.jpg 696w, https:\/\/colchonesaznar.com\/blog\/wp-content\/uploads\/2019\/11\/almohada-visco-vegetal-420x420.jpg 420w, https:\/\/colchonesaznar.com\/blog\/wp-content\/uploads\/2019\/11\/almohada-visco-vegetal.jpg 1000w\" sizes=\"auto, (max-width: 300px) 100vw, 300px\" \/><\/p>\n<h2>Si todav\u00eda quieres dormir con coleta<\/h2>\n<p>S\u00ed, puede que hay\u00e1is llegado a este punto y todav\u00eda est\u00e9is convencidos de que quer\u00e9is dormir con coleta. No vamos a ser nosotros los que os quitemos la raz\u00f3n, pero s\u00ed que os vamos a dar unos consejos antes de haceros el mo\u00f1o nocturno:<\/p>\n<ul>\n<li><strong>Mejor una coleta baja,<\/strong> en la que se recojan los pelos sueltos con una horquilla<\/li>\n<li><strong>D\u00e9jadla suelta:<\/strong> una demasiado apretada y alta puede dificultar la circulaci\u00f3n. Y ya sabemos que<a href=\"https:\/\/colchonesaznar.com\/blog\/mareos-al-levantarse-de-la-cama\/\"> levantarse mareado<\/a> no es la mejor manera de comenzar una jornada maratoniana.<\/li>\n<\/ul>\n<p style=\"text-align: center;\"><span style=\"color: #339966;\">\u00bfSois de las que vais a dormir con coleta?,\u00a0 \u00bfalguna vez hab\u00e9is pensado en el da\u00f1o que os hac\u00e9is a vuestra salud capilar?<\/span><\/p>\n<p style=\"text-align: center;\">Cu\u00e9ntanos qu\u00e9 necesitas. Queremos ayudarte<\/p>\n","protected":false},"excerpt":{"rendered":"<p>Si ten\u00e9is el pelo largo y os gusta dormir con coleta, os habr\u00e9is preguntado muchas veces si es una buena idea acostarse con el pelo recogido, \u00bfverdad? Y es que nuestra melena lo es todo para nosotros, es una parte indispensable de nuestra look. Dormir con coleta es el peinado por excelencia tanto en verano [&hellip;]<\/p>\n","protected":false},"author":7,"featured_media":12388,"comment_status":"open","ping_status":"closed","sticky":false,"template":"","format":"standard","meta":{"footnotes":""},"categories":[5],"tags":[21,531],"class_list":["post-12384","post","type-post","status-publish","format-standard","has-post-thumbnail","hentry","category-consejos-recomendaciones","tag-almohadas","tag-dormir-con-coleta"],"yoast_head":"<!-- This site is optimized with the Yoast SEO plugin v27.9 - https:\/\/yoast.com\/product\/yoast-seo-wordpress\/ -->\n<title>5 razones para no dormir con coleta - ColchonesAznar - Blog<\/title>\n<meta name=\"robots\" content=\"index, follow, max-snippet:-1, max-image-preview:large, max-video-preview:-1\" \/>\n<link rel=\"canonical\" href=\"https:\/\/colchonesaznar.com\/blog\/dormir-con-coleta\/\" \/>\n<meta property=\"og:locale\" content=\"es_ES\" \/>\n<meta property=\"og:type\" content=\"article\" \/>\n<meta property=\"og:title\" content=\"5 razones para no dormir con coleta - ColchonesAznar - Blog\" \/>\n<meta property=\"og:description\" content=\"Si ten\u00e9is el pelo largo y os gusta dormir con coleta, os habr\u00e9is preguntado muchas veces si es una buena idea acostarse con el pelo recogido, \u00bfverdad? Y es que nuestra melena lo es todo para nosotros, es una parte indispensable de nuestra look. Dormir con coleta es el peinado por excelencia tanto en verano [&hellip;]\" \/>\n<meta property=\"og:url\" content=\"https:\/\/colchonesaznar.com\/blog\/dormir-con-coleta\/\" \/>\n<meta property=\"og:site_name\" content=\"ColchonesAznar - Blog\" \/>\n<meta property=\"article:publisher\" content=\"https:\/\/www.facebook.com\/ColchonesAznar\/\" \/>\n<meta property=\"article:published_time\" content=\"2019-11-19T08:12:35+00:00\" \/>\n<meta property=\"article:modified_time\" content=\"2019-12-02T20:45:39+00:00\" \/>\n<meta property=\"og:image\" content=\"https:\/\/colchonesaznar.com\/blog\/wp-content\/uploads\/2019\/11\/dormir-con-coleta.jpg\" \/>\n\t<meta property=\"og:image:width\" content=\"793\" \/>\n\t<meta property=\"og:image:height\" content=\"414\" \/>\n\t<meta property=\"og:image:type\" content=\"image\/jpeg\" \/>\n<meta name=\"author\" content=\"Experto\" \/>\n<meta name=\"twitter:card\" content=\"summary_large_image\" \/>\n<meta name=\"twitter:creator\" content=\"@colchonesaznar\" \/>\n<meta name=\"twitter:site\" content=\"@colchonesaznar\" \/>\n<meta name=\"twitter:label1\" content=\"Escrito por\" \/>\n\t<meta name=\"twitter:data1\" content=\"Experto\" \/>\n\t<meta name=\"twitter:label2\" content=\"Tiempo de lectura\" \/>\n\t<meta name=\"twitter:data2\" content=\"3 minutos\" \/>\n<script type=\"application\/ld+json\" class=\"yoast-schema-graph\">{\"@context\":\"https:\\\/\\\/schema.org\",\"@graph\":[{\"@type\":\"Article\",\"@id\":\"https:\\\/\\\/colchonesaznar.com\\\/blog\\\/dormir-con-coleta\\\/#article\",\"isPartOf\":{\"@id\":\"https:\\\/\\\/colchonesaznar.com\\\/blog\\\/dormir-con-coleta\\\/\"},\"author\":{\"name\":\"Experto\",\"@id\":\"https:\\\/\\\/colchonesaznar.com\\\/blog\\\/#\\\/schema\\\/person\\\/9c082b62743326738763277031fec1ff\"},\"headline\":\"5 razones para no dormir con coleta\",\"datePublished\":\"2019-11-19T08:12:35+00:00\",\"dateModified\":\"2019-12-02T20:45:39+00:00\",\"mainEntityOfPage\":{\"@id\":\"https:\\\/\\\/colchonesaznar.com\\\/blog\\\/dormir-con-coleta\\\/\"},\"wordCount\":671,\"commentCount\":0,\"publisher\":{\"@id\":\"https:\\\/\\\/colchonesaznar.com\\\/blog\\\/#organization\"},\"image\":{\"@id\":\"https:\\\/\\\/colchonesaznar.com\\\/blog\\\/dormir-con-coleta\\\/#primaryimage\"},\"thumbnailUrl\":\"https:\\\/\\\/colchonesaznar.com\\\/blog\\\/wp-content\\\/uploads\\\/2019\\\/11\\\/dormir-con-coleta.jpg\",\"keywords\":[\"Almohadas\",\"dormir con coleta\"],\"articleSection\":[\"Consejos y Recomendaciones\"],\"inLanguage\":\"es\",\"potentialAction\":[{\"@type\":\"CommentAction\",\"name\":\"Comment\",\"target\":[\"https:\\\/\\\/colchonesaznar.com\\\/blog\\\/dormir-con-coleta\\\/#respond\"]}]},{\"@type\":\"WebPage\",\"@id\":\"https:\\\/\\\/colchonesaznar.com\\\/blog\\\/dormir-con-coleta\\\/\",\"url\":\"https:\\\/\\\/colchonesaznar.com\\\/blog\\\/dormir-con-coleta\\\/\",\"name\":\"5 razones para no dormir con coleta - ColchonesAznar - Blog\",\"isPartOf\":{\"@id\":\"https:\\\/\\\/colchonesaznar.com\\\/blog\\\/#website\"},\"primaryImageOfPage\":{\"@id\":\"https:\\\/\\\/colchonesaznar.com\\\/blog\\\/dormir-con-coleta\\\/#primaryimage\"},\"image\":{\"@id\":\"https:\\\/\\\/colchonesaznar.com\\\/blog\\\/dormir-con-coleta\\\/#primaryimage\"},\"thumbnailUrl\":\"https:\\\/\\\/colchonesaznar.com\\\/blog\\\/wp-content\\\/uploads\\\/2019\\\/11\\\/dormir-con-coleta.jpg\",\"datePublished\":\"2019-11-19T08:12:35+00:00\",\"dateModified\":\"2019-12-02T20:45:39+00:00\",\"breadcrumb\":{\"@id\":\"https:\\\/\\\/colchonesaznar.com\\\/blog\\\/dormir-con-coleta\\\/#breadcrumb\"},\"inLanguage\":\"es\",\"potentialAction\":[{\"@type\":\"ReadAction\",\"target\":[\"https:\\\/\\\/colchonesaznar.com\\\/blog\\\/dormir-con-coleta\\\/\"]}]},{\"@type\":\"ImageObject\",\"inLanguage\":\"es\",\"@id\":\"https:\\\/\\\/colchonesaznar.com\\\/blog\\\/dormir-con-coleta\\\/#primaryimage\",\"url\":\"https:\\\/\\\/colchonesaznar.com\\\/blog\\\/wp-content\\\/uploads\\\/2019\\\/11\\\/dormir-con-coleta.jpg\",\"contentUrl\":\"https:\\\/\\\/colchonesaznar.com\\\/blog\\\/wp-content\\\/uploads\\\/2019\\\/11\\\/dormir-con-coleta.jpg\",\"width\":793,\"height\":414,\"caption\":\"dormir con coleta\"},{\"@type\":\"BreadcrumbList\",\"@id\":\"https:\\\/\\\/colchonesaznar.com\\\/blog\\\/dormir-con-coleta\\\/#breadcrumb\",\"itemListElement\":[{\"@type\":\"ListItem\",\"position\":1,\"name\":\"Home\",\"item\":\"https:\\\/\\\/colchonesaznar.com\\\/blog\\\/\"},{\"@type\":\"ListItem\",\"position\":2,\"name\":\"5 razones para no dormir con coleta\"}]},{\"@type\":\"WebSite\",\"@id\":\"https:\\\/\\\/colchonesaznar.com\\\/blog\\\/#website\",\"url\":\"https:\\\/\\\/colchonesaznar.com\\\/blog\\\/\",\"name\":\"Colchones Aznar - Blog\",\"description\":\"ColchonesAznar\",\"publisher\":{\"@id\":\"https:\\\/\\\/colchonesaznar.com\\\/blog\\\/#organization\"},\"potentialAction\":[{\"@type\":\"SearchAction\",\"target\":{\"@type\":\"EntryPoint\",\"urlTemplate\":\"https:\\\/\\\/colchonesaznar.com\\\/blog\\\/?s={search_term_string}\"},\"query-input\":{\"@type\":\"PropertyValueSpecification\",\"valueRequired\":true,\"valueName\":\"search_term_string\"}}],\"inLanguage\":\"es\"},{\"@type\":\"Organization\",\"@id\":\"https:\\\/\\\/colchonesaznar.com\\\/blog\\\/#organization\",\"name\":\"Colchones Aznar\",\"url\":\"https:\\\/\\\/colchonesaznar.com\\\/blog\\\/\",\"logo\":{\"@type\":\"ImageObject\",\"inLanguage\":\"es\",\"@id\":\"https:\\\/\\\/colchonesaznar.com\\\/blog\\\/#\\\/schema\\\/logo\\\/image\\\/\",\"url\":\"https:\\\/\\\/colchonesaznar.com\\\/blog\\\/wp-content\\\/uploads\\\/2019\\\/04\\\/opiniones-colchones.jpg\",\"contentUrl\":\"https:\\\/\\\/colchonesaznar.com\\\/blog\\\/wp-content\\\/uploads\\\/2019\\\/04\\\/opiniones-colchones.jpg\",\"width\":1419,\"height\":1419,\"caption\":\"Colchones Aznar\"},\"image\":{\"@id\":\"https:\\\/\\\/colchonesaznar.com\\\/blog\\\/#\\\/schema\\\/logo\\\/image\\\/\"},\"sameAs\":[\"https:\\\/\\\/www.facebook.com\\\/ColchonesAznar\\\/\",\"https:\\\/\\\/x.com\\\/colchonesaznar\",\"https:\\\/\\\/www.instagram.com\\\/aznarcolchones\\\/?hl=es\"]},{\"@type\":\"Person\",\"@id\":\"https:\\\/\\\/colchonesaznar.com\\\/blog\\\/#\\\/schema\\\/person\\\/9c082b62743326738763277031fec1ff\",\"name\":\"Experto\",\"image\":{\"@type\":\"ImageObject\",\"inLanguage\":\"es\",\"@id\":\"https:\\\/\\\/secure.gravatar.com\\\/avatar\\\/4e247aaf28da6d4140c419f96046c8f1c4168f2064235099605898886bb4b57e?s=96&d=mm&r=g\",\"url\":\"https:\\\/\\\/secure.gravatar.com\\\/avatar\\\/4e247aaf28da6d4140c419f96046c8f1c4168f2064235099605898886bb4b57e?s=96&d=mm&r=g\",\"contentUrl\":\"https:\\\/\\\/secure.gravatar.com\\\/avatar\\\/4e247aaf28da6d4140c419f96046c8f1c4168f2064235099605898886bb4b57e?s=96&d=mm&r=g\",\"caption\":\"Experto\"},\"sameAs\":[\"https:\\\/\\\/es.linkedin.com\\\/in\\\/manuel-monreal-97913744\"],\"url\":\"https:\\\/\\\/colchonesaznar.com\\\/blog\\\/author\\\/manuel\\\/\"}]}<\/script>\n<!-- \/ Yoast SEO plugin. -->","yoast_head_json":{"title":"5 razones para no dormir con coleta - ColchonesAznar - Blog","robots":{"index":"index","follow":"follow","max-snippet":"max-snippet:-1","max-image-preview":"max-image-preview:large","max-video-preview":"max-video-preview:-1"},"canonical":"https:\/\/colchonesaznar.com\/blog\/dormir-con-coleta\/","og_locale":"es_ES","og_type":"article","og_title":"5 razones para no dormir con coleta - ColchonesAznar - Blog","og_description":"Si ten\u00e9is el pelo largo y os gusta dormir con coleta, os habr\u00e9is preguntado muchas veces si es una buena idea acostarse con el pelo recogido, \u00bfverdad? Y es que nuestra melena lo es todo para nosotros, es una parte indispensable de nuestra look. Dormir con coleta es el peinado por excelencia tanto en verano [&hellip;]","og_url":"https:\/\/colchonesaznar.com\/blog\/dormir-con-coleta\/","og_site_name":"ColchonesAznar - Blog","article_publisher":"https:\/\/www.facebook.com\/ColchonesAznar\/","article_published_time":"2019-11-19T08:12:35+00:00","article_modified_time":"2019-12-02T20:45:39+00:00","og_image":[{"width":793,"height":414,"url":"https:\/\/colchonesaznar.com\/blog\/wp-content\/uploads\/2019\/11\/dormir-con-coleta.jpg","type":"image\/jpeg"}],"author":"Experto","twitter_card":"summary_large_image","twitter_creator":"@colchonesaznar","twitter_site":"@colchonesaznar","twitter_misc":{"Escrito por":"Experto","Tiempo de lectura":"3 minutos"},"schema":{"@context":"https:\/\/schema.org","@graph":[{"@type":"Article","@id":"https:\/\/colchonesaznar.com\/blog\/dormir-con-coleta\/#article","isPartOf":{"@id":"https:\/\/colchonesaznar.com\/blog\/dormir-con-coleta\/"},"author":{"name":"Experto","@id":"https:\/\/colchonesaznar.com\/blog\/#\/schema\/person\/9c082b62743326738763277031fec1ff"},"headline":"5 razones para no dormir con coleta","datePublished":"2019-11-19T08:12:35+00:00","dateModified":"2019-12-02T20:45:39+00:00","mainEntityOfPage":{"@id":"https:\/\/colchonesaznar.com\/blog\/dormir-con-coleta\/"},"wordCount":671,"commentCount":0,"publisher":{"@id":"https:\/\/colchonesaznar.com\/blog\/#organization"},"image":{"@id":"https:\/\/colchonesaznar.com\/blog\/dormir-con-coleta\/#primaryimage"},"thumbnailUrl":"https:\/\/colchonesaznar.com\/blog\/wp-content\/uploads\/2019\/11\/dormir-con-coleta.jpg","keywords":["Almohadas","dormir con coleta"],"articleSection":["Consejos y Recomendaciones"],"inLanguage":"es","potentialAction":[{"@type":"CommentAction","name":"Comment","target":["https:\/\/colchonesaznar.com\/blog\/dormir-con-coleta\/#respond"]}]},{"@type":"WebPage","@id":"https:\/\/colchonesaznar.com\/blog\/dormir-con-coleta\/","url":"https:\/\/colchonesaznar.com\/blog\/dormir-con-coleta\/","name":"5 razones para no dormir con coleta - ColchonesAznar - Blog","isPartOf":{"@id":"https:\/\/colchonesaznar.com\/blog\/#website"},"primaryImageOfPage":{"@id":"https:\/\/colchonesaznar.com\/blog\/dormir-con-coleta\/#primaryimage"},"image":{"@id":"https:\/\/colchonesaznar.com\/blog\/dormir-con-coleta\/#primaryimage"},"thumbnailUrl":"https:\/\/colchonesaznar.com\/blog\/wp-content\/uploads\/2019\/11\/dormir-con-coleta.jpg","datePublished":"2019-11-19T08:12:35+00:00","dateModified":"2019-12-02T20:45:39+00:00","breadcrumb":{"@id":"https:\/\/colchonesaznar.com\/blog\/dormir-con-coleta\/#breadcrumb"},"inLanguage":"es","potentialAction":[{"@type":"ReadAction","target":["https:\/\/colchonesaznar.com\/blog\/dormir-con-coleta\/"]}]},{"@type":"ImageObject","inLanguage":"es","@id":"https:\/\/colchonesaznar.com\/blog\/dormir-con-coleta\/#primaryimage","url":"https:\/\/colchonesaznar.com\/blog\/wp-content\/uploads\/2019\/11\/dormir-con-coleta.jpg","contentUrl":"https:\/\/colchonesaznar.com\/blog\/wp-content\/uploads\/2019\/11\/dormir-con-coleta.jpg","width":793,"height":414,"caption":"dormir con coleta"},{"@type":"BreadcrumbList","@id":"https:\/\/colchonesaznar.com\/blog\/dormir-con-coleta\/#breadcrumb","itemListElement":[{"@type":"ListItem","position":1,"name":"Home","item":"https:\/\/colchonesaznar.com\/blog\/"},{"@type":"ListItem","position":2,"name":"5 razones para no dormir con coleta"}]},{"@type":"WebSite","@id":"https:\/\/colchonesaznar.com\/blog\/#website","url":"https:\/\/colchonesaznar.com\/blog\/","name":"Colchones Aznar - Blog","description":"ColchonesAznar","publisher":{"@id":"https:\/\/colchonesaznar.com\/blog\/#organization"},"potentialAction":[{"@type":"SearchAction","target":{"@type":"EntryPoint","urlTemplate":"https:\/\/colchonesaznar.com\/blog\/?s={search_term_string}"},"query-input":{"@type":"PropertyValueSpecification","valueRequired":true,"valueName":"search_term_string"}}],"inLanguage":"es"},{"@type":"Organization","@id":"https:\/\/colchonesaznar.com\/blog\/#organization","name":"Colchones Aznar","url":"https:\/\/colchonesaznar.com\/blog\/","logo":{"@type":"ImageObject","inLanguage":"es","@id":"https:\/\/colchonesaznar.com\/blog\/#\/schema\/logo\/image\/","url":"https:\/\/colchonesaznar.com\/blog\/wp-content\/uploads\/2019\/04\/opiniones-colchones.jpg","contentUrl":"https:\/\/colchonesaznar.com\/blog\/wp-content\/uploads\/2019\/04\/opiniones-colchones.jpg","width":1419,"height":1419,"caption":"Colchones Aznar"},"image":{"@id":"https:\/\/colchonesaznar.com\/blog\/#\/schema\/logo\/image\/"},"sameAs":["https:\/\/www.facebook.com\/ColchonesAznar\/","https:\/\/x.com\/colchonesaznar","https:\/\/www.instagram.com\/aznarcolchones\/?hl=es"]},{"@type":"Person","@id":"https:\/\/colchonesaznar.com\/blog\/#\/schema\/person\/9c082b62743326738763277031fec1ff","name":"Experto","image":{"@type":"ImageObject","inLanguage":"es","@id":"https:\/\/secure.gravatar.com\/avatar\/4e247aaf28da6d4140c419f96046c8f1c4168f2064235099605898886bb4b57e?s=96&d=mm&r=g","url":"https:\/\/secure.gravatar.com\/avatar\/4e247aaf28da6d4140c419f96046c8f1c4168f2064235099605898886bb4b57e?s=96&d=mm&r=g","contentUrl":"https:\/\/secure.gravatar.com\/avatar\/4e247aaf28da6d4140c419f96046c8f1c4168f2064235099605898886bb4b57e?s=96&d=mm&r=g","caption":"Experto"},"sameAs":["https:\/\/es.linkedin.com\/in\/manuel-monreal-97913744"],"url":"https:\/\/colchonesaznar.com\/blog\/author\/manuel\/"}]}},"_links":{"self":[{"href":"https:\/\/colchonesaznar.com\/blog\/wp-json\/wp\/v2\/posts\/12384","targetHints":{"allow":["GET"]}}],"collection":[{"href":"https:\/\/colchonesaznar.com\/blog\/wp-json\/wp\/v2\/posts"}],"about":[{"href":"https:\/\/colchonesaznar.com\/blog\/wp-json\/wp\/v2\/types\/post"}],"author":[{"embeddable":true,"href":"https:\/\/colchonesaznar.com\/blog\/wp-json\/wp\/v2\/users\/7"}],"replies":[{"embeddable":true,"href":"https:\/\/colchonesaznar.com\/blog\/wp-json\/wp\/v2\/comments?post=12384"}],"version-history":[{"count":8,"href":"https:\/\/colchonesaznar.com\/blog\/wp-json\/wp\/v2\/posts\/12384\/revisions"}],"predecessor-version":[{"id":12453,"href":"https:\/\/colchonesaznar.com\/blog\/wp-json\/wp\/v2\/posts\/12384\/revisions\/12453"}],"wp:featuredmedia":[{"embeddable":true,"href":"https:\/\/colchonesaznar.com\/blog\/wp-json\/wp\/v2\/media\/12388"}],"wp:attachment":[{"href":"https:\/\/colchonesaznar.com\/blog\/wp-json\/wp\/v2\/media?parent=12384"}],"wp:term":[{"taxonomy":"category","embeddable":true,"href":"https:\/\/colchonesaznar.com\/blog\/wp-json\/wp\/v2\/categories?post=12384"},{"taxonomy":"post_tag","embeddable":true,"href":"https:\/\/colchonesaznar.com\/blog\/wp-json\/wp\/v2\/tags?post=12384"}],"curies":[{"name":"wp","href":"https:\/\/api.w.org\/{rel}","templated":true}]}}