{"id":13081,"date":"2020-08-25T21:36:15","date_gmt":"2020-08-25T21:36:15","guid":{"rendered":"https:\/\/colchonesaznar.com\/blog\/?p=13081"},"modified":"2022-06-12T21:36:08","modified_gmt":"2022-06-12T21:36:08","slug":"dormir-bien-con-alergia","status":"publish","type":"post","link":"https:\/\/colchonesaznar.com\/blog\/dormir-bien-con-alergia\/","title":{"rendered":"\u00bfDormir bien con alergia es posible?"},"content":{"rendered":"<p><strong>Cada vez hay m\u00e1s personas al\u00e9rgicas en el mundo, y es que el cambio clim\u00e1tico, la contaminaci\u00f3n y ahora la mascarilla hacen que el n\u00famero de afectados crezca cada a\u00f1o.<\/strong><\/p>\n<p><span style=\"font-weight: 400;\">La palabra \u201cprimavera\u201d es una de las m\u00e1s inc\u00f3modas para estas personas, <strong>pero cada vez se extiende m\u00e1s esta dolencia durante el a\u00f1o<\/strong>, y no solo a causa del polen, si no tambi\u00e9n debido al polvo y a los \u00e1caros.\u00a0<\/span><\/p>\n<p><span style=\"font-weight: 400;\">Las alergias no solo son una molestia por el d\u00eda e influyen en tu vida cotidiana, a la hora de trabajar, pasear, o tomarte unas cervezas con tus amigos. <strong>Las alergias tambi\u00e9n est\u00e1n presentes mientras duermes,<\/strong> y pueden llegar a afectar al descanso y a tu calidad del sue\u00f1o.<\/span><\/p>\n<h2>Las alergias y el buen descanso<\/h2>\n<p><span style=\"font-weight: 400;\">Cada vez son m\u00e1s las personas al\u00e9rgicas en nuestro pa\u00eds. Se estima que afecta a unas <strong>10 millones de personas en Espa\u00f1a<\/strong>, y a un 20% de la poblaci\u00f3n mundial.<\/span><\/p>\n<p><span style=\"font-weight: 400;\"><strong>Los s\u00edntomas var\u00edan en cada persona<\/strong>, pero las m\u00e1s comunes son rinitis, congesti\u00f3n nasal, estornudos constantes, dificultad para respirar por la nariz y por ello respirar por la boca, un molesto picor en la nariz, garganta y o\u00eddos, ojos rojos y llorosos y sensaci\u00f3n de cansancio.<\/span><\/p>\n<p>Estos <strong>no entienden de horarios<\/strong>. Pueden producirse por el d\u00eda y por la noche, causando m\u00e1s de una noche de insomnio.<\/p>\n<p><span style=\"font-weight: 400;\">En ocasiones, estas se\u00f1ales de alergia a los \u00e1caros pueden agravarse incluso cuando est\u00e1s en la cama.<\/span><\/p>\n<p><img loading=\"lazy\" decoding=\"async\" class=\"wp-image-13083 size-full aligncenter\" src=\"https:\/\/colchonesaznar.com\/blog\/wp-content\/uploads\/2020\/08\/alergia.jpg\" alt=\"dormir bien con alergia\" width=\"580\" height=\"330\" srcset=\"https:\/\/colchonesaznar.com\/blog\/wp-content\/uploads\/2020\/08\/alergia.jpg 580w, https:\/\/colchonesaznar.com\/blog\/wp-content\/uploads\/2020\/08\/alergia-300x171.jpg 300w\" sizes=\"auto, (max-width: 580px) 100vw, 580px\" \/><\/p>\n<h2>\u00bfAfecta a la calidad del sue\u00f1o?<\/h2>\n<p><strong>S\u00ed, la alergia est\u00e1 directamente relacionada con la calidad del sue\u00f1o<\/strong>. Los efectos de este cuadro no permiten que duermas profundamente.<\/p>\n<p>Seguramente si padeces alg\u00fan s\u00edntoma de los nombrados arriba, tu sue\u00f1o se ve alterado en muchas ocasiones. Es posible que despiertes con la boca totalmente seca y congesti\u00f3n nasal. Esto puede provocarte insomnio, aumentar tus ronquidos, y en casos m\u00e1s graves apneas de sue\u00f1o.<\/p>\n<h2>Consejos para dormir bien con alergia<\/h2>\n<p>Conscientes de la relaci\u00f3n directa entre sue\u00f1o y alergia, desde colchones Aznar te damos algunos consejos para que las noches sean m\u00e1s llevaderas:<\/p>\n<ul>\n<li><strong><a href=\"https:\/\/colchonesaznar.com\/es\/92-rebajas-colchones-aznar\">Duerme sobre un colch\u00f3n<\/a> que no tenga m\u00e1s de 10 a\u00f1os<\/strong>, que est\u00e9 en buen estado y que sea anti\u00e1caros. Lo ideal es elegir uno al que se le hayan aplicado tratamientos espec\u00edficos anti\u00e1caros y destaque por sus altos niveles de calidad higi\u00e9nica. As\u00ed, se evitar\u00e1 la<a href=\"https:\/\/colchonesaznar.com\/blog\/proteccion-antiacaros\/\"> proliferaci\u00f3n de bacterias y hongos.<\/a><\/li>\n<li><strong>No descartes comprar una <\/strong><a href=\"https:\/\/colchonesaznar.com\/es\/16-complementos\"><strong>funda protectora<\/strong><\/a> frente a estos microorganismos<\/li>\n<li><strong>Duerme siempre sobre ropa de cama limpia<\/strong>, l\u00e1vala al menos una vez a la semana a 60 grados en la lavadora. Si puedes, no la seques al aire para que no se pegue ning\u00fan pat\u00f3geno.<\/li>\n<li><strong>Cuantas menos cosas tengas en la habitaci\u00f3n, mejor.<\/strong> En los muebles y objetos se acumula mucho polvo, retira lo que no te haga falta, y quita del medio peluches, cojines o alfombras.<\/li>\n<li><strong>Ventila con frecuencia<\/strong>, intenta que no haya apenas humedad ya que proliferan muchos microorganismos y la creaci\u00f3n de \u00e1caros.<\/li>\n<li><strong>Mant\u00e9n limpia tu casa y sobre todo, tu dormitorio<\/strong>. Una limpieza profunda aminorar\u00e1 estas sensaciones tan desagradables.<\/li>\n<\/ul>\n<blockquote><p><strong><i><span style=\"font-weight: 400;\">\u201cUn buen descanso har\u00e1 que te despiertes m\u00e1s feliz y con m\u00e1s energ\u00eda cada ma\u00f1ana\u201d<\/span><\/i><\/strong><\/p><\/blockquote>\n<h2>\u00bfTienes aire acondicionado?<\/h2>\n<p>El aire acondicionado reduce la humedad y la acumulaci\u00f3n de polvo. Si padeces de una crisis al\u00e9rgica fuerte y no puedes dormir, mejor enci\u00e9ndelo un rato y t\u00e1pate con una s\u00e1bana.<\/p>\n<p style=\"text-align: center;\"><strong><em>\u00bfYa sabes c\u00f3mo dormir bien con alergia?\u00bfTe gustar\u00eda que te contemos m\u00e1s consejos sobre c\u00f3mo descansar profundamente?<\/em><\/strong><\/p>\n<p style=\"text-align: center;\"><strong><em>Tu bienestar es nuestra prioridad.<\/em><\/strong><\/p>\n","protected":false},"excerpt":{"rendered":"<p>Cada vez hay m\u00e1s personas al\u00e9rgicas en el mundo, y es que el cambio clim\u00e1tico, la contaminaci\u00f3n y ahora la mascarilla hacen que el n\u00famero de afectados crezca cada a\u00f1o. La palabra \u201cprimavera\u201d es una de las m\u00e1s inc\u00f3modas para estas personas, pero cada vez se extiende m\u00e1s esta dolencia durante el a\u00f1o, y no [&hellip;]<\/p>\n","protected":false},"author":7,"featured_media":13082,"comment_status":"closed","ping_status":"closed","sticky":false,"template":"","format":"standard","meta":{"footnotes":""},"categories":[477],"tags":[577,219],"class_list":["post-13081","post","type-post","status-publish","format-standard","has-post-thumbnail","hentry","category-curiosidades","tag-alergia","tag-dormir"],"yoast_head":"<!-- This site is optimized with the Yoast SEO plugin v27.9 - https:\/\/yoast.com\/product\/yoast-seo-wordpress\/ -->\n<title>\u00bfDormir bien con alergia es posible? - ColchonesAznar - Blog<\/title>\n<meta name=\"robots\" content=\"index, follow, max-snippet:-1, max-image-preview:large, max-video-preview:-1\" \/>\n<link rel=\"canonical\" href=\"https:\/\/colchonesaznar.com\/blog\/dormir-bien-con-alergia\/\" \/>\n<meta property=\"og:locale\" content=\"es_ES\" \/>\n<meta property=\"og:type\" content=\"article\" \/>\n<meta property=\"og:title\" content=\"\u00bfDormir bien con alergia es posible? - ColchonesAznar - Blog\" \/>\n<meta property=\"og:description\" content=\"Cada vez hay m\u00e1s personas al\u00e9rgicas en el mundo, y es que el cambio clim\u00e1tico, la contaminaci\u00f3n y ahora la mascarilla hacen que el n\u00famero de afectados crezca cada a\u00f1o. La palabra \u201cprimavera\u201d es una de las m\u00e1s inc\u00f3modas para estas personas, pero cada vez se extiende m\u00e1s esta dolencia durante el a\u00f1o, y no [&hellip;]\" \/>\n<meta property=\"og:url\" content=\"https:\/\/colchonesaznar.com\/blog\/dormir-bien-con-alergia\/\" \/>\n<meta property=\"og:site_name\" content=\"ColchonesAznar - Blog\" \/>\n<meta property=\"article:publisher\" content=\"https:\/\/www.facebook.com\/ColchonesAznar\/\" \/>\n<meta property=\"article:published_time\" content=\"2020-08-25T21:36:15+00:00\" \/>\n<meta property=\"article:modified_time\" content=\"2022-06-12T21:36:08+00:00\" \/>\n<meta property=\"og:image\" content=\"https:\/\/colchonesaznar.com\/blog\/wp-content\/uploads\/2020\/08\/allergy-1738191_1280.jpg\" \/>\n\t<meta property=\"og:image:width\" content=\"1280\" \/>\n\t<meta property=\"og:image:height\" content=\"960\" \/>\n\t<meta property=\"og:image:type\" content=\"image\/jpeg\" \/>\n<meta name=\"author\" content=\"Experto\" \/>\n<meta name=\"twitter:card\" content=\"summary_large_image\" \/>\n<meta name=\"twitter:creator\" content=\"@colchonesaznar\" \/>\n<meta name=\"twitter:site\" content=\"@colchonesaznar\" \/>\n<meta name=\"twitter:label1\" content=\"Escrito por\" \/>\n\t<meta name=\"twitter:data1\" content=\"Experto\" \/>\n\t<meta name=\"twitter:label2\" content=\"Tiempo de lectura\" \/>\n\t<meta name=\"twitter:data2\" content=\"3 minutos\" \/>\n<script type=\"application\/ld+json\" class=\"yoast-schema-graph\">{\"@context\":\"https:\\\/\\\/schema.org\",\"@graph\":[{\"@type\":\"Article\",\"@id\":\"https:\\\/\\\/colchonesaznar.com\\\/blog\\\/dormir-bien-con-alergia\\\/#article\",\"isPartOf\":{\"@id\":\"https:\\\/\\\/colchonesaznar.com\\\/blog\\\/dormir-bien-con-alergia\\\/\"},\"author\":{\"name\":\"Experto\",\"@id\":\"https:\\\/\\\/colchonesaznar.com\\\/blog\\\/#\\\/schema\\\/person\\\/9c082b62743326738763277031fec1ff\"},\"headline\":\"\u00bfDormir bien con alergia es posible?\",\"datePublished\":\"2020-08-25T21:36:15+00:00\",\"dateModified\":\"2022-06-12T21:36:08+00:00\",\"mainEntityOfPage\":{\"@id\":\"https:\\\/\\\/colchonesaznar.com\\\/blog\\\/dormir-bien-con-alergia\\\/\"},\"wordCount\":646,\"publisher\":{\"@id\":\"https:\\\/\\\/colchonesaznar.com\\\/blog\\\/#organization\"},\"image\":{\"@id\":\"https:\\\/\\\/colchonesaznar.com\\\/blog\\\/dormir-bien-con-alergia\\\/#primaryimage\"},\"thumbnailUrl\":\"https:\\\/\\\/colchonesaznar.com\\\/blog\\\/wp-content\\\/uploads\\\/2020\\\/08\\\/allergy-1738191_1280.jpg\",\"keywords\":[\"alergia\",\"Dormir\"],\"articleSection\":[\"Curiosidades\"],\"inLanguage\":\"es\"},{\"@type\":\"WebPage\",\"@id\":\"https:\\\/\\\/colchonesaznar.com\\\/blog\\\/dormir-bien-con-alergia\\\/\",\"url\":\"https:\\\/\\\/colchonesaznar.com\\\/blog\\\/dormir-bien-con-alergia\\\/\",\"name\":\"\u00bfDormir bien con alergia es posible? - ColchonesAznar - Blog\",\"isPartOf\":{\"@id\":\"https:\\\/\\\/colchonesaznar.com\\\/blog\\\/#website\"},\"primaryImageOfPage\":{\"@id\":\"https:\\\/\\\/colchonesaznar.com\\\/blog\\\/dormir-bien-con-alergia\\\/#primaryimage\"},\"image\":{\"@id\":\"https:\\\/\\\/colchonesaznar.com\\\/blog\\\/dormir-bien-con-alergia\\\/#primaryimage\"},\"thumbnailUrl\":\"https:\\\/\\\/colchonesaznar.com\\\/blog\\\/wp-content\\\/uploads\\\/2020\\\/08\\\/allergy-1738191_1280.jpg\",\"datePublished\":\"2020-08-25T21:36:15+00:00\",\"dateModified\":\"2022-06-12T21:36:08+00:00\",\"breadcrumb\":{\"@id\":\"https:\\\/\\\/colchonesaznar.com\\\/blog\\\/dormir-bien-con-alergia\\\/#breadcrumb\"},\"inLanguage\":\"es\",\"potentialAction\":[{\"@type\":\"ReadAction\",\"target\":[\"https:\\\/\\\/colchonesaznar.com\\\/blog\\\/dormir-bien-con-alergia\\\/\"]}]},{\"@type\":\"ImageObject\",\"inLanguage\":\"es\",\"@id\":\"https:\\\/\\\/colchonesaznar.com\\\/blog\\\/dormir-bien-con-alergia\\\/#primaryimage\",\"url\":\"https:\\\/\\\/colchonesaznar.com\\\/blog\\\/wp-content\\\/uploads\\\/2020\\\/08\\\/allergy-1738191_1280.jpg\",\"contentUrl\":\"https:\\\/\\\/colchonesaznar.com\\\/blog\\\/wp-content\\\/uploads\\\/2020\\\/08\\\/allergy-1738191_1280.jpg\",\"width\":1280,\"height\":960,\"caption\":\"dormir bien con alergia\"},{\"@type\":\"BreadcrumbList\",\"@id\":\"https:\\\/\\\/colchonesaznar.com\\\/blog\\\/dormir-bien-con-alergia\\\/#breadcrumb\",\"itemListElement\":[{\"@type\":\"ListItem\",\"position\":1,\"name\":\"Home\",\"item\":\"https:\\\/\\\/colchonesaznar.com\\\/blog\\\/\"},{\"@type\":\"ListItem\",\"position\":2,\"name\":\"\u00bfDormir bien con alergia es posible?\"}]},{\"@type\":\"WebSite\",\"@id\":\"https:\\\/\\\/colchonesaznar.com\\\/blog\\\/#website\",\"url\":\"https:\\\/\\\/colchonesaznar.com\\\/blog\\\/\",\"name\":\"Colchones Aznar - Blog\",\"description\":\"ColchonesAznar\",\"publisher\":{\"@id\":\"https:\\\/\\\/colchonesaznar.com\\\/blog\\\/#organization\"},\"potentialAction\":[{\"@type\":\"SearchAction\",\"target\":{\"@type\":\"EntryPoint\",\"urlTemplate\":\"https:\\\/\\\/colchonesaznar.com\\\/blog\\\/?s={search_term_string}\"},\"query-input\":{\"@type\":\"PropertyValueSpecification\",\"valueRequired\":true,\"valueName\":\"search_term_string\"}}],\"inLanguage\":\"es\"},{\"@type\":\"Organization\",\"@id\":\"https:\\\/\\\/colchonesaznar.com\\\/blog\\\/#organization\",\"name\":\"Colchones Aznar\",\"url\":\"https:\\\/\\\/colchonesaznar.com\\\/blog\\\/\",\"logo\":{\"@type\":\"ImageObject\",\"inLanguage\":\"es\",\"@id\":\"https:\\\/\\\/colchonesaznar.com\\\/blog\\\/#\\\/schema\\\/logo\\\/image\\\/\",\"url\":\"https:\\\/\\\/colchonesaznar.com\\\/blog\\\/wp-content\\\/uploads\\\/2019\\\/04\\\/opiniones-colchones.jpg\",\"contentUrl\":\"https:\\\/\\\/colchonesaznar.com\\\/blog\\\/wp-content\\\/uploads\\\/2019\\\/04\\\/opiniones-colchones.jpg\",\"width\":1419,\"height\":1419,\"caption\":\"Colchones Aznar\"},\"image\":{\"@id\":\"https:\\\/\\\/colchonesaznar.com\\\/blog\\\/#\\\/schema\\\/logo\\\/image\\\/\"},\"sameAs\":[\"https:\\\/\\\/www.facebook.com\\\/ColchonesAznar\\\/\",\"https:\\\/\\\/x.com\\\/colchonesaznar\",\"https:\\\/\\\/www.instagram.com\\\/aznarcolchones\\\/?hl=es\"]},{\"@type\":\"Person\",\"@id\":\"https:\\\/\\\/colchonesaznar.com\\\/blog\\\/#\\\/schema\\\/person\\\/9c082b62743326738763277031fec1ff\",\"name\":\"Experto\",\"image\":{\"@type\":\"ImageObject\",\"inLanguage\":\"es\",\"@id\":\"https:\\\/\\\/secure.gravatar.com\\\/avatar\\\/4e247aaf28da6d4140c419f96046c8f1c4168f2064235099605898886bb4b57e?s=96&d=mm&r=g\",\"url\":\"https:\\\/\\\/secure.gravatar.com\\\/avatar\\\/4e247aaf28da6d4140c419f96046c8f1c4168f2064235099605898886bb4b57e?s=96&d=mm&r=g\",\"contentUrl\":\"https:\\\/\\\/secure.gravatar.com\\\/avatar\\\/4e247aaf28da6d4140c419f96046c8f1c4168f2064235099605898886bb4b57e?s=96&d=mm&r=g\",\"caption\":\"Experto\"},\"sameAs\":[\"https:\\\/\\\/es.linkedin.com\\\/in\\\/manuel-monreal-97913744\"],\"url\":\"https:\\\/\\\/colchonesaznar.com\\\/blog\\\/author\\\/manuel\\\/\"}]}<\/script>\n<!-- \/ Yoast SEO plugin. -->","yoast_head_json":{"title":"\u00bfDormir bien con alergia es posible? - ColchonesAznar - Blog","robots":{"index":"index","follow":"follow","max-snippet":"max-snippet:-1","max-image-preview":"max-image-preview:large","max-video-preview":"max-video-preview:-1"},"canonical":"https:\/\/colchonesaznar.com\/blog\/dormir-bien-con-alergia\/","og_locale":"es_ES","og_type":"article","og_title":"\u00bfDormir bien con alergia es posible? - ColchonesAznar - Blog","og_description":"Cada vez hay m\u00e1s personas al\u00e9rgicas en el mundo, y es que el cambio clim\u00e1tico, la contaminaci\u00f3n y ahora la mascarilla hacen que el n\u00famero de afectados crezca cada a\u00f1o. La palabra \u201cprimavera\u201d es una de las m\u00e1s inc\u00f3modas para estas personas, pero cada vez se extiende m\u00e1s esta dolencia durante el a\u00f1o, y no [&hellip;]","og_url":"https:\/\/colchonesaznar.com\/blog\/dormir-bien-con-alergia\/","og_site_name":"ColchonesAznar - Blog","article_publisher":"https:\/\/www.facebook.com\/ColchonesAznar\/","article_published_time":"2020-08-25T21:36:15+00:00","article_modified_time":"2022-06-12T21:36:08+00:00","og_image":[{"width":1280,"height":960,"url":"https:\/\/colchonesaznar.com\/blog\/wp-content\/uploads\/2020\/08\/allergy-1738191_1280.jpg","type":"image\/jpeg"}],"author":"Experto","twitter_card":"summary_large_image","twitter_creator":"@colchonesaznar","twitter_site":"@colchonesaznar","twitter_misc":{"Escrito por":"Experto","Tiempo de lectura":"3 minutos"},"schema":{"@context":"https:\/\/schema.org","@graph":[{"@type":"Article","@id":"https:\/\/colchonesaznar.com\/blog\/dormir-bien-con-alergia\/#article","isPartOf":{"@id":"https:\/\/colchonesaznar.com\/blog\/dormir-bien-con-alergia\/"},"author":{"name":"Experto","@id":"https:\/\/colchonesaznar.com\/blog\/#\/schema\/person\/9c082b62743326738763277031fec1ff"},"headline":"\u00bfDormir bien con alergia es posible?","datePublished":"2020-08-25T21:36:15+00:00","dateModified":"2022-06-12T21:36:08+00:00","mainEntityOfPage":{"@id":"https:\/\/colchonesaznar.com\/blog\/dormir-bien-con-alergia\/"},"wordCount":646,"publisher":{"@id":"https:\/\/colchonesaznar.com\/blog\/#organization"},"image":{"@id":"https:\/\/colchonesaznar.com\/blog\/dormir-bien-con-alergia\/#primaryimage"},"thumbnailUrl":"https:\/\/colchonesaznar.com\/blog\/wp-content\/uploads\/2020\/08\/allergy-1738191_1280.jpg","keywords":["alergia","Dormir"],"articleSection":["Curiosidades"],"inLanguage":"es"},{"@type":"WebPage","@id":"https:\/\/colchonesaznar.com\/blog\/dormir-bien-con-alergia\/","url":"https:\/\/colchonesaznar.com\/blog\/dormir-bien-con-alergia\/","name":"\u00bfDormir bien con alergia es posible? - ColchonesAznar - Blog","isPartOf":{"@id":"https:\/\/colchonesaznar.com\/blog\/#website"},"primaryImageOfPage":{"@id":"https:\/\/colchonesaznar.com\/blog\/dormir-bien-con-alergia\/#primaryimage"},"image":{"@id":"https:\/\/colchonesaznar.com\/blog\/dormir-bien-con-alergia\/#primaryimage"},"thumbnailUrl":"https:\/\/colchonesaznar.com\/blog\/wp-content\/uploads\/2020\/08\/allergy-1738191_1280.jpg","datePublished":"2020-08-25T21:36:15+00:00","dateModified":"2022-06-12T21:36:08+00:00","breadcrumb":{"@id":"https:\/\/colchonesaznar.com\/blog\/dormir-bien-con-alergia\/#breadcrumb"},"inLanguage":"es","potentialAction":[{"@type":"ReadAction","target":["https:\/\/colchonesaznar.com\/blog\/dormir-bien-con-alergia\/"]}]},{"@type":"ImageObject","inLanguage":"es","@id":"https:\/\/colchonesaznar.com\/blog\/dormir-bien-con-alergia\/#primaryimage","url":"https:\/\/colchonesaznar.com\/blog\/wp-content\/uploads\/2020\/08\/allergy-1738191_1280.jpg","contentUrl":"https:\/\/colchonesaznar.com\/blog\/wp-content\/uploads\/2020\/08\/allergy-1738191_1280.jpg","width":1280,"height":960,"caption":"dormir bien con alergia"},{"@type":"BreadcrumbList","@id":"https:\/\/colchonesaznar.com\/blog\/dormir-bien-con-alergia\/#breadcrumb","itemListElement":[{"@type":"ListItem","position":1,"name":"Home","item":"https:\/\/colchonesaznar.com\/blog\/"},{"@type":"ListItem","position":2,"name":"\u00bfDormir bien con alergia es posible?"}]},{"@type":"WebSite","@id":"https:\/\/colchonesaznar.com\/blog\/#website","url":"https:\/\/colchonesaznar.com\/blog\/","name":"Colchones Aznar - Blog","description":"ColchonesAznar","publisher":{"@id":"https:\/\/colchonesaznar.com\/blog\/#organization"},"potentialAction":[{"@type":"SearchAction","target":{"@type":"EntryPoint","urlTemplate":"https:\/\/colchonesaznar.com\/blog\/?s={search_term_string}"},"query-input":{"@type":"PropertyValueSpecification","valueRequired":true,"valueName":"search_term_string"}}],"inLanguage":"es"},{"@type":"Organization","@id":"https:\/\/colchonesaznar.com\/blog\/#organization","name":"Colchones Aznar","url":"https:\/\/colchonesaznar.com\/blog\/","logo":{"@type":"ImageObject","inLanguage":"es","@id":"https:\/\/colchonesaznar.com\/blog\/#\/schema\/logo\/image\/","url":"https:\/\/colchonesaznar.com\/blog\/wp-content\/uploads\/2019\/04\/opiniones-colchones.jpg","contentUrl":"https:\/\/colchonesaznar.com\/blog\/wp-content\/uploads\/2019\/04\/opiniones-colchones.jpg","width":1419,"height":1419,"caption":"Colchones Aznar"},"image":{"@id":"https:\/\/colchonesaznar.com\/blog\/#\/schema\/logo\/image\/"},"sameAs":["https:\/\/www.facebook.com\/ColchonesAznar\/","https:\/\/x.com\/colchonesaznar","https:\/\/www.instagram.com\/aznarcolchones\/?hl=es"]},{"@type":"Person","@id":"https:\/\/colchonesaznar.com\/blog\/#\/schema\/person\/9c082b62743326738763277031fec1ff","name":"Experto","image":{"@type":"ImageObject","inLanguage":"es","@id":"https:\/\/secure.gravatar.com\/avatar\/4e247aaf28da6d4140c419f96046c8f1c4168f2064235099605898886bb4b57e?s=96&d=mm&r=g","url":"https:\/\/secure.gravatar.com\/avatar\/4e247aaf28da6d4140c419f96046c8f1c4168f2064235099605898886bb4b57e?s=96&d=mm&r=g","contentUrl":"https:\/\/secure.gravatar.com\/avatar\/4e247aaf28da6d4140c419f96046c8f1c4168f2064235099605898886bb4b57e?s=96&d=mm&r=g","caption":"Experto"},"sameAs":["https:\/\/es.linkedin.com\/in\/manuel-monreal-97913744"],"url":"https:\/\/colchonesaznar.com\/blog\/author\/manuel\/"}]}},"_links":{"self":[{"href":"https:\/\/colchonesaznar.com\/blog\/wp-json\/wp\/v2\/posts\/13081","targetHints":{"allow":["GET"]}}],"collection":[{"href":"https:\/\/colchonesaznar.com\/blog\/wp-json\/wp\/v2\/posts"}],"about":[{"href":"https:\/\/colchonesaznar.com\/blog\/wp-json\/wp\/v2\/types\/post"}],"author":[{"embeddable":true,"href":"https:\/\/colchonesaznar.com\/blog\/wp-json\/wp\/v2\/users\/7"}],"replies":[{"embeddable":true,"href":"https:\/\/colchonesaznar.com\/blog\/wp-json\/wp\/v2\/comments?post=13081"}],"version-history":[{"count":4,"href":"https:\/\/colchonesaznar.com\/blog\/wp-json\/wp\/v2\/posts\/13081\/revisions"}],"predecessor-version":[{"id":14606,"href":"https:\/\/colchonesaznar.com\/blog\/wp-json\/wp\/v2\/posts\/13081\/revisions\/14606"}],"wp:featuredmedia":[{"embeddable":true,"href":"https:\/\/colchonesaznar.com\/blog\/wp-json\/wp\/v2\/media\/13082"}],"wp:attachment":[{"href":"https:\/\/colchonesaznar.com\/blog\/wp-json\/wp\/v2\/media?parent=13081"}],"wp:term":[{"taxonomy":"category","embeddable":true,"href":"https:\/\/colchonesaznar.com\/blog\/wp-json\/wp\/v2\/categories?post=13081"},{"taxonomy":"post_tag","embeddable":true,"href":"https:\/\/colchonesaznar.com\/blog\/wp-json\/wp\/v2\/tags?post=13081"}],"curies":[{"name":"wp","href":"https:\/\/api.w.org\/{rel}","templated":true}]}}