{"id":13828,"date":"2021-12-07T07:36:28","date_gmt":"2021-12-07T07:36:28","guid":{"rendered":"https:\/\/colchonesaznar.com\/blog\/?p=13828"},"modified":"2023-02-17T09:50:21","modified_gmt":"2023-02-17T09:50:21","slug":"colchones-aznar-pone-en-marcha-por-4o-ano-consecutivo-su-campana-de-colchon-solidario-en-favor-de-aspanoa","status":"publish","type":"post","link":"https:\/\/colchonesaznar.com\/blog\/colchones-aznar-pone-en-marcha-por-4o-ano-consecutivo-su-campana-de-colchon-solidario-en-favor-de-aspanoa\/","title":{"rendered":"Colchones Aznar pone en marcha por 4\u00ba a\u00f1o consecutivo su campa\u00f1a de \u201cColch\u00f3n Solidario\u201d en favor de ASPANOA"},"content":{"rendered":"<p>Este a\u00f1o la campa\u00f1a denominada \u201cSUPERH\u00c9ROES DREAMS\u201d viene acompa\u00f1ada de 5 superh\u00e9roes que llegan al hospital para ayudar a los ni\u00f1os a ganar al \u201cMalvado C\u00e1ncer\u201d<\/p>\n<p>Por cuarto a\u00f1o consecutivo y tras el \u00e9xito de la campa\u00f1a anterior,<a href=\"https:\/\/colchonesaznar.com\/es\/\"> Colchones Aznar<\/a>, empresa l\u00edder en descanso en Arag\u00f3n, presenta su campa\u00f1a del Colch\u00f3n Solidario; \u201c<strong>S\u00faperh\u00e9roes Dreams<\/strong>\u201d.<br \/>\nUna iniciativa con la que Colchones Aznar donar\u00e1 una parte de los beneficios obtenidos por la venta de dicho producto a la Asociaci\u00f3n que atiende a los ni\u00f1os con c\u00e1ncer de Arag\u00f3n, apoya a sus familias e impulsa la investigaci\u00f3n contra el c\u00e1ncer infantil (ASPANOA)<br \/>\nPero este a\u00f1o y de cara a Navidad, el Colch\u00f3n Solidario de Colchones Aznar viene acompa\u00f1ado de unos personajes muy especiales, los \u201c<strong>Superh\u00e9roes Dreams<\/strong>\u201d.<br \/>\n<strong>M\u00edster Sue\u00f1o<\/strong>, N<strong>i\u00f1a Invisible<\/strong>, <strong>Muelle Boy<\/strong>,<strong> Lady Huella<\/strong> y <strong>SuperEl\u00e1stico<\/strong> son cinco superh\u00e9roes que llegan al Hospital con fantas\u00eda e ilusi\u00f3n para ayudar a los ni\u00f1os durante su tratamiento y vencer as\u00ed al \u201cMalvado c\u00e1ncer\u201d. Una forma de incorporar este juego para hacerles sentir mejor y ayudarles en su lucha contra la enfermedad.<br \/>\nEn esta ocasi\u00f3n Colchones Aznar, adem\u00e1s de donar como es tradicional una parte de los beneficios obtenidos por la venta de dicho producto a ASPANOA, quiere hacer llegar a los ni\u00f1os, una colecci\u00f3n de adhesivos para que en estas fechas decoren sus habitaciones del hospital convirti\u00e9ndose en un lugar lleno de magia en el que alcanzar cualquier sue\u00f1o.<\/p>\n<p><center><\/center><br \/>\nCuando a un ni\u00f1o le diagnostican un c\u00e1ncer, todo se derrumba a su alrededor. Pilares como la familia, el colegio o los amigos se tambalean y la vida de todos toma un nuevo rumbo que gira en torno a la incertidumbre y a la esperanza. Los d\u00edas entonces cambian radicalmente y entra en escena el Hospital como ese mundo donde todo sucede y los tratamientos pasan a ser el centro de atenci\u00f3n y el d\u00eda a d\u00eda de los ni\u00f1os.<strong> Los peque\u00f1os se convierten en unos aut\u00e9nticos superh\u00e9roes<\/strong> que se enfrentan a su enfermedad y terapias, pero siguen siendo ni\u00f1os que necesitan seguir jugando, y sobre todo desarrollando su imaginaci\u00f3n y como no, sus sue\u00f1os. De ah\u00ed, el origen de esta campa\u00f1a.<\/p>\n<h2>Superh\u00e9roes Dreams<\/h2>\n<figure id=\"attachment_13829\" aria-describedby=\"caption-attachment-13829\" style=\"width: 696px\" class=\"wp-caption alignnone\"><img loading=\"lazy\" decoding=\"async\" class=\"size-large wp-image-13829\" src=\"https:\/\/colchonesaznar.com\/blog\/wp-content\/uploads\/2021\/12\/super-heroes-dreams-colchones-aznar-2-1024x404.jpg\" alt=\"\" width=\"696\" height=\"275\" srcset=\"https:\/\/colchonesaznar.com\/blog\/wp-content\/uploads\/2021\/12\/super-heroes-dreams-colchones-aznar-2-1024x404.jpg 1024w, https:\/\/colchonesaznar.com\/blog\/wp-content\/uploads\/2021\/12\/super-heroes-dreams-colchones-aznar-2-300x118.jpg 300w, https:\/\/colchonesaznar.com\/blog\/wp-content\/uploads\/2021\/12\/super-heroes-dreams-colchones-aznar-2-768x303.jpg 768w, https:\/\/colchonesaznar.com\/blog\/wp-content\/uploads\/2021\/12\/super-heroes-dreams-colchones-aznar-2-696x275.jpg 696w, https:\/\/colchonesaznar.com\/blog\/wp-content\/uploads\/2021\/12\/super-heroes-dreams-colchones-aznar-2-1068x421.jpg 1068w, https:\/\/colchonesaznar.com\/blog\/wp-content\/uploads\/2021\/12\/super-heroes-dreams-colchones-aznar-2-1065x420.jpg 1065w, https:\/\/colchonesaznar.com\/blog\/wp-content\/uploads\/2021\/12\/super-heroes-dreams-colchones-aznar-2.jpg 1430w\" sizes=\"auto, (max-width: 696px) 100vw, 696px\" \/><figcaption id=\"caption-attachment-13829\" class=\"wp-caption-text\">Con la compra de este colch\u00f3n solidario ayudar\u00e1s a los ni\u00f1os con c\u00e1ncer.<\/figcaption><\/figure>\n<p>\u2022 <strong>Muelle Boy<\/strong>. Con su supersalto vuela tan alto que nadie puede atraparle. Siempre llega m\u00e1s lejos que nadie, saltando con muelles que est\u00e1n bajo sus pies.<\/p>\n<p>\u2022 <strong>Ni\u00f1a Invisible<\/strong>. Ante la llegada de cualquier villano saca su capa con la que se hace invisible en un segundo. As\u00ed nadie puede mirarla mientras ella les observa con atenci\u00f3n.<\/p>\n<p>\u2022 <strong>M\u00edster Sue\u00f1o<\/strong>. Su sola presencia hace que todos se queden dormidos a su alrededor. Si te dice \u201ca dormir\u201d, prep\u00e1rate para no despertar durante horas.<\/p>\n<p>\u2022 <strong>Lady Huella<\/strong>. Como un camale\u00f3n con sus superpoderes cambia de forma y se adapta a cualquier superficie que toca con su mano para esconderse sin que nadie le encuentre.<\/p>\n<p>\u2022 <strong>SuperEl\u00e1stico<\/strong>. Atrapa todos los objetos al instante con su superelasticidad y cuando alguno de sus amigos se encuentra en peligro, puede estirarse hasta donde est\u00e1 y rescatarle.<\/p>\n<p><center><span class=\"td_btn td_btn_md td_default_btn\"><a href=\"https:\/\/colchonesaznar.com\/es\/colchones-muelles-ensacados\/15-colchon-muelles-ensacados-solidario.html\"><span style=\"color: #ffffff;\">Descubre el colch\u00f3n Solidario<\/span><\/a><\/span><\/center><\/p>\n","protected":false},"excerpt":{"rendered":"<p>Este a\u00f1o la campa\u00f1a denominada \u201cSUPERH\u00c9ROES DREAMS\u201d viene acompa\u00f1ada de 5 superh\u00e9roes que llegan al hospital para ayudar a los ni\u00f1os a ganar al \u201cMalvado C\u00e1ncer\u201d Por cuarto a\u00f1o consecutivo y tras el \u00e9xito de la campa\u00f1a anterior, Colchones Aznar, empresa l\u00edder en descanso en Arag\u00f3n, presenta su campa\u00f1a del Colch\u00f3n Solidario; \u201cS\u00faperh\u00e9roes Dreams\u201d. Una [&hellip;]<\/p>\n","protected":false},"author":7,"featured_media":13832,"comment_status":"closed","ping_status":"closed","sticky":false,"template":"","format":"standard","meta":{"footnotes":""},"categories":[477],"tags":[],"class_list":["post-13828","post","type-post","status-publish","format-standard","has-post-thumbnail","hentry","category-curiosidades"],"yoast_head":"<!-- This site is optimized with the Yoast SEO plugin v27.9 - https:\/\/yoast.com\/product\/yoast-seo-wordpress\/ -->\n<title>Colchones Aznar pone en marcha por 4\u00ba a\u00f1o consecutivo su campa\u00f1a de \u201cColch\u00f3n Solidario\u201d en favor de ASPANOA - ColchonesAznar - Blog<\/title>\n<meta name=\"robots\" content=\"index, follow, max-snippet:-1, max-image-preview:large, max-video-preview:-1\" \/>\n<link rel=\"canonical\" href=\"https:\/\/colchonesaznar.com\/blog\/colchones-aznar-pone-en-marcha-por-4o-ano-consecutivo-su-campana-de-colchon-solidario-en-favor-de-aspanoa\/\" \/>\n<meta property=\"og:locale\" content=\"es_ES\" \/>\n<meta property=\"og:type\" content=\"article\" \/>\n<meta property=\"og:title\" content=\"Colchones Aznar pone en marcha por 4\u00ba a\u00f1o consecutivo su campa\u00f1a de \u201cColch\u00f3n Solidario\u201d en favor de ASPANOA - ColchonesAznar - Blog\" \/>\n<meta property=\"og:description\" content=\"Este a\u00f1o la campa\u00f1a denominada \u201cSUPERH\u00c9ROES DREAMS\u201d viene acompa\u00f1ada de 5 superh\u00e9roes que llegan al hospital para ayudar a los ni\u00f1os a ganar al \u201cMalvado C\u00e1ncer\u201d Por cuarto a\u00f1o consecutivo y tras el \u00e9xito de la campa\u00f1a anterior, Colchones Aznar, empresa l\u00edder en descanso en Arag\u00f3n, presenta su campa\u00f1a del Colch\u00f3n Solidario; \u201cS\u00faperh\u00e9roes Dreams\u201d. Una [&hellip;]\" \/>\n<meta property=\"og:url\" content=\"https:\/\/colchonesaznar.com\/blog\/colchones-aznar-pone-en-marcha-por-4o-ano-consecutivo-su-campana-de-colchon-solidario-en-favor-de-aspanoa\/\" \/>\n<meta property=\"og:site_name\" content=\"ColchonesAznar - Blog\" \/>\n<meta property=\"article:publisher\" content=\"https:\/\/www.facebook.com\/ColchonesAznar\/\" \/>\n<meta property=\"article:published_time\" content=\"2021-12-07T07:36:28+00:00\" \/>\n<meta property=\"article:modified_time\" content=\"2023-02-17T09:50:21+00:00\" \/>\n<meta property=\"og:image\" content=\"https:\/\/colchonesaznar.com\/blog\/wp-content\/uploads\/2021\/12\/super.jpg\" \/>\n\t<meta property=\"og:image:width\" content=\"800\" \/>\n\t<meta property=\"og:image:height\" content=\"598\" \/>\n\t<meta property=\"og:image:type\" content=\"image\/jpeg\" \/>\n<meta name=\"author\" content=\"Experto\" \/>\n<meta name=\"twitter:card\" content=\"summary_large_image\" \/>\n<meta name=\"twitter:creator\" content=\"@colchonesaznar\" \/>\n<meta name=\"twitter:site\" content=\"@colchonesaznar\" \/>\n<meta name=\"twitter:label1\" content=\"Escrito por\" \/>\n\t<meta name=\"twitter:data1\" content=\"Experto\" \/>\n\t<meta name=\"twitter:label2\" content=\"Tiempo de lectura\" \/>\n\t<meta name=\"twitter:data2\" content=\"3 minutos\" \/>\n<script type=\"application\/ld+json\" class=\"yoast-schema-graph\">{\"@context\":\"https:\\\/\\\/schema.org\",\"@graph\":[{\"@type\":\"Article\",\"@id\":\"https:\\\/\\\/colchonesaznar.com\\\/blog\\\/colchones-aznar-pone-en-marcha-por-4o-ano-consecutivo-su-campana-de-colchon-solidario-en-favor-de-aspanoa\\\/#article\",\"isPartOf\":{\"@id\":\"https:\\\/\\\/colchonesaznar.com\\\/blog\\\/colchones-aznar-pone-en-marcha-por-4o-ano-consecutivo-su-campana-de-colchon-solidario-en-favor-de-aspanoa\\\/\"},\"author\":{\"name\":\"Experto\",\"@id\":\"https:\\\/\\\/colchonesaznar.com\\\/blog\\\/#\\\/schema\\\/person\\\/9c082b62743326738763277031fec1ff\"},\"headline\":\"Colchones Aznar pone en marcha por 4\u00ba a\u00f1o consecutivo su campa\u00f1a de \u201cColch\u00f3n Solidario\u201d en favor de ASPANOA\",\"datePublished\":\"2021-12-07T07:36:28+00:00\",\"dateModified\":\"2023-02-17T09:50:21+00:00\",\"mainEntityOfPage\":{\"@id\":\"https:\\\/\\\/colchonesaznar.com\\\/blog\\\/colchones-aznar-pone-en-marcha-por-4o-ano-consecutivo-su-campana-de-colchon-solidario-en-favor-de-aspanoa\\\/\"},\"wordCount\":607,\"publisher\":{\"@id\":\"https:\\\/\\\/colchonesaznar.com\\\/blog\\\/#organization\"},\"image\":{\"@id\":\"https:\\\/\\\/colchonesaznar.com\\\/blog\\\/colchones-aznar-pone-en-marcha-por-4o-ano-consecutivo-su-campana-de-colchon-solidario-en-favor-de-aspanoa\\\/#primaryimage\"},\"thumbnailUrl\":\"https:\\\/\\\/colchonesaznar.com\\\/blog\\\/wp-content\\\/uploads\\\/2021\\\/12\\\/super.jpg\",\"articleSection\":[\"Curiosidades\"],\"inLanguage\":\"es\"},{\"@type\":\"WebPage\",\"@id\":\"https:\\\/\\\/colchonesaznar.com\\\/blog\\\/colchones-aznar-pone-en-marcha-por-4o-ano-consecutivo-su-campana-de-colchon-solidario-en-favor-de-aspanoa\\\/\",\"url\":\"https:\\\/\\\/colchonesaznar.com\\\/blog\\\/colchones-aznar-pone-en-marcha-por-4o-ano-consecutivo-su-campana-de-colchon-solidario-en-favor-de-aspanoa\\\/\",\"name\":\"Colchones Aznar pone en marcha por 4\u00ba a\u00f1o consecutivo su campa\u00f1a de \u201cColch\u00f3n Solidario\u201d en favor de ASPANOA - ColchonesAznar - Blog\",\"isPartOf\":{\"@id\":\"https:\\\/\\\/colchonesaznar.com\\\/blog\\\/#website\"},\"primaryImageOfPage\":{\"@id\":\"https:\\\/\\\/colchonesaznar.com\\\/blog\\\/colchones-aznar-pone-en-marcha-por-4o-ano-consecutivo-su-campana-de-colchon-solidario-en-favor-de-aspanoa\\\/#primaryimage\"},\"image\":{\"@id\":\"https:\\\/\\\/colchonesaznar.com\\\/blog\\\/colchones-aznar-pone-en-marcha-por-4o-ano-consecutivo-su-campana-de-colchon-solidario-en-favor-de-aspanoa\\\/#primaryimage\"},\"thumbnailUrl\":\"https:\\\/\\\/colchonesaznar.com\\\/blog\\\/wp-content\\\/uploads\\\/2021\\\/12\\\/super.jpg\",\"datePublished\":\"2021-12-07T07:36:28+00:00\",\"dateModified\":\"2023-02-17T09:50:21+00:00\",\"breadcrumb\":{\"@id\":\"https:\\\/\\\/colchonesaznar.com\\\/blog\\\/colchones-aznar-pone-en-marcha-por-4o-ano-consecutivo-su-campana-de-colchon-solidario-en-favor-de-aspanoa\\\/#breadcrumb\"},\"inLanguage\":\"es\",\"potentialAction\":[{\"@type\":\"ReadAction\",\"target\":[\"https:\\\/\\\/colchonesaznar.com\\\/blog\\\/colchones-aznar-pone-en-marcha-por-4o-ano-consecutivo-su-campana-de-colchon-solidario-en-favor-de-aspanoa\\\/\"]}]},{\"@type\":\"ImageObject\",\"inLanguage\":\"es\",\"@id\":\"https:\\\/\\\/colchonesaznar.com\\\/blog\\\/colchones-aznar-pone-en-marcha-por-4o-ano-consecutivo-su-campana-de-colchon-solidario-en-favor-de-aspanoa\\\/#primaryimage\",\"url\":\"https:\\\/\\\/colchonesaznar.com\\\/blog\\\/wp-content\\\/uploads\\\/2021\\\/12\\\/super.jpg\",\"contentUrl\":\"https:\\\/\\\/colchonesaznar.com\\\/blog\\\/wp-content\\\/uploads\\\/2021\\\/12\\\/super.jpg\",\"width\":800,\"height\":598},{\"@type\":\"BreadcrumbList\",\"@id\":\"https:\\\/\\\/colchonesaznar.com\\\/blog\\\/colchones-aznar-pone-en-marcha-por-4o-ano-consecutivo-su-campana-de-colchon-solidario-en-favor-de-aspanoa\\\/#breadcrumb\",\"itemListElement\":[{\"@type\":\"ListItem\",\"position\":1,\"name\":\"Home\",\"item\":\"https:\\\/\\\/colchonesaznar.com\\\/blog\\\/\"},{\"@type\":\"ListItem\",\"position\":2,\"name\":\"Colchones Aznar pone en marcha por 4\u00ba a\u00f1o consecutivo su campa\u00f1a de \u201cColch\u00f3n Solidario\u201d en favor de ASPANOA\"}]},{\"@type\":\"WebSite\",\"@id\":\"https:\\\/\\\/colchonesaznar.com\\\/blog\\\/#website\",\"url\":\"https:\\\/\\\/colchonesaznar.com\\\/blog\\\/\",\"name\":\"Colchones Aznar - Blog\",\"description\":\"ColchonesAznar\",\"publisher\":{\"@id\":\"https:\\\/\\\/colchonesaznar.com\\\/blog\\\/#organization\"},\"potentialAction\":[{\"@type\":\"SearchAction\",\"target\":{\"@type\":\"EntryPoint\",\"urlTemplate\":\"https:\\\/\\\/colchonesaznar.com\\\/blog\\\/?s={search_term_string}\"},\"query-input\":{\"@type\":\"PropertyValueSpecification\",\"valueRequired\":true,\"valueName\":\"search_term_string\"}}],\"inLanguage\":\"es\"},{\"@type\":\"Organization\",\"@id\":\"https:\\\/\\\/colchonesaznar.com\\\/blog\\\/#organization\",\"name\":\"Colchones Aznar\",\"url\":\"https:\\\/\\\/colchonesaznar.com\\\/blog\\\/\",\"logo\":{\"@type\":\"ImageObject\",\"inLanguage\":\"es\",\"@id\":\"https:\\\/\\\/colchonesaznar.com\\\/blog\\\/#\\\/schema\\\/logo\\\/image\\\/\",\"url\":\"https:\\\/\\\/colchonesaznar.com\\\/blog\\\/wp-content\\\/uploads\\\/2019\\\/04\\\/opiniones-colchones.jpg\",\"contentUrl\":\"https:\\\/\\\/colchonesaznar.com\\\/blog\\\/wp-content\\\/uploads\\\/2019\\\/04\\\/opiniones-colchones.jpg\",\"width\":1419,\"height\":1419,\"caption\":\"Colchones Aznar\"},\"image\":{\"@id\":\"https:\\\/\\\/colchonesaznar.com\\\/blog\\\/#\\\/schema\\\/logo\\\/image\\\/\"},\"sameAs\":[\"https:\\\/\\\/www.facebook.com\\\/ColchonesAznar\\\/\",\"https:\\\/\\\/x.com\\\/colchonesaznar\",\"https:\\\/\\\/www.instagram.com\\\/aznarcolchones\\\/?hl=es\"]},{\"@type\":\"Person\",\"@id\":\"https:\\\/\\\/colchonesaznar.com\\\/blog\\\/#\\\/schema\\\/person\\\/9c082b62743326738763277031fec1ff\",\"name\":\"Experto\",\"image\":{\"@type\":\"ImageObject\",\"inLanguage\":\"es\",\"@id\":\"https:\\\/\\\/secure.gravatar.com\\\/avatar\\\/4e247aaf28da6d4140c419f96046c8f1c4168f2064235099605898886bb4b57e?s=96&d=mm&r=g\",\"url\":\"https:\\\/\\\/secure.gravatar.com\\\/avatar\\\/4e247aaf28da6d4140c419f96046c8f1c4168f2064235099605898886bb4b57e?s=96&d=mm&r=g\",\"contentUrl\":\"https:\\\/\\\/secure.gravatar.com\\\/avatar\\\/4e247aaf28da6d4140c419f96046c8f1c4168f2064235099605898886bb4b57e?s=96&d=mm&r=g\",\"caption\":\"Experto\"},\"sameAs\":[\"https:\\\/\\\/es.linkedin.com\\\/in\\\/manuel-monreal-97913744\"],\"url\":\"https:\\\/\\\/colchonesaznar.com\\\/blog\\\/author\\\/manuel\\\/\"}]}<\/script>\n<!-- \/ Yoast SEO plugin. -->","yoast_head_json":{"title":"Colchones Aznar pone en marcha por 4\u00ba a\u00f1o consecutivo su campa\u00f1a de \u201cColch\u00f3n Solidario\u201d en favor de ASPANOA - ColchonesAznar - Blog","robots":{"index":"index","follow":"follow","max-snippet":"max-snippet:-1","max-image-preview":"max-image-preview:large","max-video-preview":"max-video-preview:-1"},"canonical":"https:\/\/colchonesaznar.com\/blog\/colchones-aznar-pone-en-marcha-por-4o-ano-consecutivo-su-campana-de-colchon-solidario-en-favor-de-aspanoa\/","og_locale":"es_ES","og_type":"article","og_title":"Colchones Aznar pone en marcha por 4\u00ba a\u00f1o consecutivo su campa\u00f1a de \u201cColch\u00f3n Solidario\u201d en favor de ASPANOA - ColchonesAznar - Blog","og_description":"Este a\u00f1o la campa\u00f1a denominada \u201cSUPERH\u00c9ROES DREAMS\u201d viene acompa\u00f1ada de 5 superh\u00e9roes que llegan al hospital para ayudar a los ni\u00f1os a ganar al \u201cMalvado C\u00e1ncer\u201d Por cuarto a\u00f1o consecutivo y tras el \u00e9xito de la campa\u00f1a anterior, Colchones Aznar, empresa l\u00edder en descanso en Arag\u00f3n, presenta su campa\u00f1a del Colch\u00f3n Solidario; \u201cS\u00faperh\u00e9roes Dreams\u201d. Una [&hellip;]","og_url":"https:\/\/colchonesaznar.com\/blog\/colchones-aznar-pone-en-marcha-por-4o-ano-consecutivo-su-campana-de-colchon-solidario-en-favor-de-aspanoa\/","og_site_name":"ColchonesAznar - Blog","article_publisher":"https:\/\/www.facebook.com\/ColchonesAznar\/","article_published_time":"2021-12-07T07:36:28+00:00","article_modified_time":"2023-02-17T09:50:21+00:00","og_image":[{"width":800,"height":598,"url":"https:\/\/colchonesaznar.com\/blog\/wp-content\/uploads\/2021\/12\/super.jpg","type":"image\/jpeg"}],"author":"Experto","twitter_card":"summary_large_image","twitter_creator":"@colchonesaznar","twitter_site":"@colchonesaznar","twitter_misc":{"Escrito por":"Experto","Tiempo de lectura":"3 minutos"},"schema":{"@context":"https:\/\/schema.org","@graph":[{"@type":"Article","@id":"https:\/\/colchonesaznar.com\/blog\/colchones-aznar-pone-en-marcha-por-4o-ano-consecutivo-su-campana-de-colchon-solidario-en-favor-de-aspanoa\/#article","isPartOf":{"@id":"https:\/\/colchonesaznar.com\/blog\/colchones-aznar-pone-en-marcha-por-4o-ano-consecutivo-su-campana-de-colchon-solidario-en-favor-de-aspanoa\/"},"author":{"name":"Experto","@id":"https:\/\/colchonesaznar.com\/blog\/#\/schema\/person\/9c082b62743326738763277031fec1ff"},"headline":"Colchones Aznar pone en marcha por 4\u00ba a\u00f1o consecutivo su campa\u00f1a de \u201cColch\u00f3n Solidario\u201d en favor de ASPANOA","datePublished":"2021-12-07T07:36:28+00:00","dateModified":"2023-02-17T09:50:21+00:00","mainEntityOfPage":{"@id":"https:\/\/colchonesaznar.com\/blog\/colchones-aznar-pone-en-marcha-por-4o-ano-consecutivo-su-campana-de-colchon-solidario-en-favor-de-aspanoa\/"},"wordCount":607,"publisher":{"@id":"https:\/\/colchonesaznar.com\/blog\/#organization"},"image":{"@id":"https:\/\/colchonesaznar.com\/blog\/colchones-aznar-pone-en-marcha-por-4o-ano-consecutivo-su-campana-de-colchon-solidario-en-favor-de-aspanoa\/#primaryimage"},"thumbnailUrl":"https:\/\/colchonesaznar.com\/blog\/wp-content\/uploads\/2021\/12\/super.jpg","articleSection":["Curiosidades"],"inLanguage":"es"},{"@type":"WebPage","@id":"https:\/\/colchonesaznar.com\/blog\/colchones-aznar-pone-en-marcha-por-4o-ano-consecutivo-su-campana-de-colchon-solidario-en-favor-de-aspanoa\/","url":"https:\/\/colchonesaznar.com\/blog\/colchones-aznar-pone-en-marcha-por-4o-ano-consecutivo-su-campana-de-colchon-solidario-en-favor-de-aspanoa\/","name":"Colchones Aznar pone en marcha por 4\u00ba a\u00f1o consecutivo su campa\u00f1a de \u201cColch\u00f3n Solidario\u201d en favor de ASPANOA - ColchonesAznar - Blog","isPartOf":{"@id":"https:\/\/colchonesaznar.com\/blog\/#website"},"primaryImageOfPage":{"@id":"https:\/\/colchonesaznar.com\/blog\/colchones-aznar-pone-en-marcha-por-4o-ano-consecutivo-su-campana-de-colchon-solidario-en-favor-de-aspanoa\/#primaryimage"},"image":{"@id":"https:\/\/colchonesaznar.com\/blog\/colchones-aznar-pone-en-marcha-por-4o-ano-consecutivo-su-campana-de-colchon-solidario-en-favor-de-aspanoa\/#primaryimage"},"thumbnailUrl":"https:\/\/colchonesaznar.com\/blog\/wp-content\/uploads\/2021\/12\/super.jpg","datePublished":"2021-12-07T07:36:28+00:00","dateModified":"2023-02-17T09:50:21+00:00","breadcrumb":{"@id":"https:\/\/colchonesaznar.com\/blog\/colchones-aznar-pone-en-marcha-por-4o-ano-consecutivo-su-campana-de-colchon-solidario-en-favor-de-aspanoa\/#breadcrumb"},"inLanguage":"es","potentialAction":[{"@type":"ReadAction","target":["https:\/\/colchonesaznar.com\/blog\/colchones-aznar-pone-en-marcha-por-4o-ano-consecutivo-su-campana-de-colchon-solidario-en-favor-de-aspanoa\/"]}]},{"@type":"ImageObject","inLanguage":"es","@id":"https:\/\/colchonesaznar.com\/blog\/colchones-aznar-pone-en-marcha-por-4o-ano-consecutivo-su-campana-de-colchon-solidario-en-favor-de-aspanoa\/#primaryimage","url":"https:\/\/colchonesaznar.com\/blog\/wp-content\/uploads\/2021\/12\/super.jpg","contentUrl":"https:\/\/colchonesaznar.com\/blog\/wp-content\/uploads\/2021\/12\/super.jpg","width":800,"height":598},{"@type":"BreadcrumbList","@id":"https:\/\/colchonesaznar.com\/blog\/colchones-aznar-pone-en-marcha-por-4o-ano-consecutivo-su-campana-de-colchon-solidario-en-favor-de-aspanoa\/#breadcrumb","itemListElement":[{"@type":"ListItem","position":1,"name":"Home","item":"https:\/\/colchonesaznar.com\/blog\/"},{"@type":"ListItem","position":2,"name":"Colchones Aznar pone en marcha por 4\u00ba a\u00f1o consecutivo su campa\u00f1a de \u201cColch\u00f3n Solidario\u201d en favor de ASPANOA"}]},{"@type":"WebSite","@id":"https:\/\/colchonesaznar.com\/blog\/#website","url":"https:\/\/colchonesaznar.com\/blog\/","name":"Colchones Aznar - Blog","description":"ColchonesAznar","publisher":{"@id":"https:\/\/colchonesaznar.com\/blog\/#organization"},"potentialAction":[{"@type":"SearchAction","target":{"@type":"EntryPoint","urlTemplate":"https:\/\/colchonesaznar.com\/blog\/?s={search_term_string}"},"query-input":{"@type":"PropertyValueSpecification","valueRequired":true,"valueName":"search_term_string"}}],"inLanguage":"es"},{"@type":"Organization","@id":"https:\/\/colchonesaznar.com\/blog\/#organization","name":"Colchones Aznar","url":"https:\/\/colchonesaznar.com\/blog\/","logo":{"@type":"ImageObject","inLanguage":"es","@id":"https:\/\/colchonesaznar.com\/blog\/#\/schema\/logo\/image\/","url":"https:\/\/colchonesaznar.com\/blog\/wp-content\/uploads\/2019\/04\/opiniones-colchones.jpg","contentUrl":"https:\/\/colchonesaznar.com\/blog\/wp-content\/uploads\/2019\/04\/opiniones-colchones.jpg","width":1419,"height":1419,"caption":"Colchones Aznar"},"image":{"@id":"https:\/\/colchonesaznar.com\/blog\/#\/schema\/logo\/image\/"},"sameAs":["https:\/\/www.facebook.com\/ColchonesAznar\/","https:\/\/x.com\/colchonesaznar","https:\/\/www.instagram.com\/aznarcolchones\/?hl=es"]},{"@type":"Person","@id":"https:\/\/colchonesaznar.com\/blog\/#\/schema\/person\/9c082b62743326738763277031fec1ff","name":"Experto","image":{"@type":"ImageObject","inLanguage":"es","@id":"https:\/\/secure.gravatar.com\/avatar\/4e247aaf28da6d4140c419f96046c8f1c4168f2064235099605898886bb4b57e?s=96&d=mm&r=g","url":"https:\/\/secure.gravatar.com\/avatar\/4e247aaf28da6d4140c419f96046c8f1c4168f2064235099605898886bb4b57e?s=96&d=mm&r=g","contentUrl":"https:\/\/secure.gravatar.com\/avatar\/4e247aaf28da6d4140c419f96046c8f1c4168f2064235099605898886bb4b57e?s=96&d=mm&r=g","caption":"Experto"},"sameAs":["https:\/\/es.linkedin.com\/in\/manuel-monreal-97913744"],"url":"https:\/\/colchonesaznar.com\/blog\/author\/manuel\/"}]}},"_links":{"self":[{"href":"https:\/\/colchonesaznar.com\/blog\/wp-json\/wp\/v2\/posts\/13828","targetHints":{"allow":["GET"]}}],"collection":[{"href":"https:\/\/colchonesaznar.com\/blog\/wp-json\/wp\/v2\/posts"}],"about":[{"href":"https:\/\/colchonesaznar.com\/blog\/wp-json\/wp\/v2\/types\/post"}],"author":[{"embeddable":true,"href":"https:\/\/colchonesaznar.com\/blog\/wp-json\/wp\/v2\/users\/7"}],"replies":[{"embeddable":true,"href":"https:\/\/colchonesaznar.com\/blog\/wp-json\/wp\/v2\/comments?post=13828"}],"version-history":[{"count":8,"href":"https:\/\/colchonesaznar.com\/blog\/wp-json\/wp\/v2\/posts\/13828\/revisions"}],"predecessor-version":[{"id":14811,"href":"https:\/\/colchonesaznar.com\/blog\/wp-json\/wp\/v2\/posts\/13828\/revisions\/14811"}],"wp:featuredmedia":[{"embeddable":true,"href":"https:\/\/colchonesaznar.com\/blog\/wp-json\/wp\/v2\/media\/13832"}],"wp:attachment":[{"href":"https:\/\/colchonesaznar.com\/blog\/wp-json\/wp\/v2\/media?parent=13828"}],"wp:term":[{"taxonomy":"category","embeddable":true,"href":"https:\/\/colchonesaznar.com\/blog\/wp-json\/wp\/v2\/categories?post=13828"},{"taxonomy":"post_tag","embeddable":true,"href":"https:\/\/colchonesaznar.com\/blog\/wp-json\/wp\/v2\/tags?post=13828"}],"curies":[{"name":"wp","href":"https:\/\/api.w.org\/{rel}","templated":true}]}}