{"id":15102,"date":"2023-11-02T10:23:21","date_gmt":"2023-11-02T10:23:21","guid":{"rendered":"https:\/\/colchonesaznar.com\/blog\/?p=15102"},"modified":"2023-11-02T10:31:21","modified_gmt":"2023-11-02T10:31:21","slug":"canapes-abatibles-en-black-friday","status":"publish","type":"post","link":"https:\/\/colchonesaznar.com\/blog\/canapes-abatibles-en-black-friday\/","title":{"rendered":"Canap\u00e9s Abatibles en Black Friday"},"content":{"rendered":"<h1>\u00a1Las mejores ofertas de Black Friday en Canap\u00e9s Abatibles!<\/h1>\n<p>El Black Friday ha llegado y con \u00e9l, las ofertas m\u00e1s incre\u00edbles en canap\u00e9s abatibles. Si est\u00e1s buscando maximizar el espacio de almacenamiento en tu habitaci\u00f3n sin sacrificar estilo y calidad, \u00a1est\u00e1s de suerte! A continuaci\u00f3n, te presentamos tres de nuestros canap\u00e9s abatibles m\u00e1s populares con descuentos imperdibles:<\/p>\n<h2><\/h2>\n<h2>1. Canap\u00e9 Abatible Madera Chep<\/h2>\n<ul>\n<li>Hidr\u00e1ulicos perfectamente equilibrados para una apertura sin esfuerzo.\u00e7<\/li>\n<li>Base resistente que ofrece un almacenaje extra, ideal para habitaciones peque\u00f1as.<\/li>\n<li>Base de apoyo del colch\u00f3n con 5 travesa\u00f1os met\u00e1licos de refuerzo.<\/li>\n<li>Tapa en malla 3D antideslizante para una mejor aireaci\u00f3n y f\u00e1cil limpieza.<\/li>\n<li>Arquillo sujeta colch\u00f3n en la cabecera para evitar deslizamientos.<\/li>\n<li>Silencioso y robusto.<\/li>\n<li>Soporte inferior de DM de madera y estructura con apoyo directo al suelo.<\/li>\n<li>Tapizado en tejido 3D transpirable, a juego con el color del arc\u00f3n.<\/li>\n<li>Esquinas diferenciadas para un dise\u00f1o moderno y funcional.<\/li>\n<li>Profundidad del caj\u00f3n interior de 28 cm y altura total de 32 cm.<br \/>\n<img decoding=\"async\" class=\"js-modal-product-cover product-cover-modal img-fluid\" title=\"Canape Abatible econ\u00f3mico-Blanco\" src=\"https:\/\/colchonesaznar.com\/4183-thickbox_default\/canape-abatible-economico.jpg\" alt=\"Canape Abatible econ\u00f3mico-Blanco\" width=\"800\" \/><\/li>\n<\/ul>\n<p>&nbsp;<\/p>\n<p style=\"text-align: center;\"><span class=\"td_text_highlight_marker_green td_text_highlight_marker\" style=\"color: #000000;\"><em><a style=\"color: #000000;\" href=\"https:\/\/colchonesaznar.com\/es\/canapes-de-apertura-frontal\/154-canape-abatible-economico.html\">Descubre el precio Black Friday\u00a0 de este canap\u00e9\u00a0<\/a><\/em><\/span><\/p>\n<h2>2. Canap\u00e9 Abatible Madera Laura<\/h2>\n<ul>\n<li>Sistema de apertura prolongada con desplazamiento mediante pistones de gas.\u00e7<\/li>\n<li>Base resistente con 5 travesa\u00f1os met\u00e1licos de refuerzo.<\/li>\n<li>Tapa en malla 3D antideslizante y fondo de tablero melam\u00ednico de 5mm.<\/li>\n<li>Sin arquillo sujeta colch\u00f3n gracias a su tejido antideslizante.<\/li>\n<li>Silencioso, robusto y con tapa embutida.<\/li>\n<li>Estructura interna de tablero de part\u00edculas con laminado extra.<\/li>\n<li>Patas de madera robustas y tapizado en tejido 3D transpirable.<\/li>\n<li>Esquinas diferenciadas para un ajuste perfecto a la pared.<\/li>\n<\/ul>\n<p><img decoding=\"async\" class=\"js-modal-product-cover product-cover-modal img-fluid\" title=\"Canap\u00e9 Abatible Arc\u00f3n de madera con tirador embutido altura 34 cm\" src=\"https:\/\/colchonesaznar.com\/4320-thickbox_default\/canape-abatible-arcon-de-madera-laura.jpg\" alt=\"Canap\u00e9 Abatible Arc\u00f3n de madera con tirador embutido altura 34 cm\" width=\"800\" \/><\/p>\n<p>&nbsp;<\/p>\n<p style=\"text-align: center;\"><span class=\"td_text_highlight_marker_green td_text_highlight_marker\" style=\"color: #000000;\"><em><a style=\"color: #000000;\" href=\"https:\/\/colchonesaznar.com\/es\/canapes-de-apertura-frontal\/756-canape-abatible-arcon-de-madera-laura.html\">Descubre el precio Black Friday\u00a0 de este canap\u00e9\u00a0<\/a><\/em><\/span><\/p>\n<h2>3. Canap\u00e9 Abatible Madera Sara<\/h2>\n<ul>\n<li>Sistema de apertura prolongada con pistones de gas.<\/li>\n<li>Base resistente con 5 travesa\u00f1os met\u00e1licos de refuerzo.<\/li>\n<li>Tapa en malla 3D antideslizante y fondo de tablero melam\u00ednico de 5mm.<\/li>\n<li>Sin arquillo sujeta colch\u00f3n gracias a su tejido antideslizante.<\/li>\n<li>Silencioso, robusto y con opci\u00f3n de tapa partida para tama\u00f1os m\u00e1s grandes.<\/li>\n<li>Estructura interna y externa de madera con patas robustas.<\/li>\n<li>Tapizado en tejido 3D transpirable y esquinas diferenciadas para un dise\u00f1o elegante.<img decoding=\"async\" class=\"js-modal-product-cover product-cover-modal img-fluid\" title=\"Canap\u00e9 Abatible Arc\u00f3n de madera con patas transpirable altura 34,5 cm color Cambrian\" src=\"https:\/\/colchonesaznar.com\/4221-thickbox_default\/canape-abatible-arcon-de-madera-con-patas.jpg\" alt=\"Canap\u00e9 Abatible Arc\u00f3n de madera con patas transpirable altura 34,5 cm color Cambrian\" width=\"800\" \/><\/li>\n<\/ul>\n<p style=\"text-align: center;\"><span class=\"td_text_highlight_marker_green td_text_highlight_marker\" style=\"color: #000000;\"><em><a style=\"color: #000000;\" href=\"https:\/\/colchonesaznar.com\/es\/canapes-de-apertura-frontal\/750-canape-abatible-arcon-de-madera-con-patas.html\">Descubre el precio Black Friday\u00a0 de este canap\u00e9\u00a0<\/a><\/em><\/span><\/p>\n<h2>Canap\u00e9s en Black Friday<\/h2>\n<p>El Black Friday es el momento perfecto para renovar tu habitaci\u00f3n y maximizar tu espacio de almacenamiento. Los canap\u00e9s abatibles son una soluci\u00f3n ideal para quienes buscan funcionalidad y dise\u00f1o en un solo producto. Durante esta fecha, encontrar\u00e1s descuentos y ofertas especiales que te permitir\u00e1n adquirir canap\u00e9s de alta calidad a precios inigualables. \u00a1No dejes pasar la oportunidad de transformar tu espacio con elegancia y practicidad!<\/p>\n<p><img loading=\"lazy\" decoding=\"async\" class=\"alignnone size-full wp-image-15105\" src=\"https:\/\/colchonesaznar.com\/blog\/wp-content\/uploads\/2023\/10\/black-friday-300-250-1-1.jpg\" alt=\"\" width=\"300\" height=\"250\" \/> <img loading=\"lazy\" decoding=\"async\" class=\"alignnone size-full wp-image-15112\" src=\"https:\/\/colchonesaznar.com\/blog\/wp-content\/uploads\/2023\/11\/black-friday-250-250.jpg\" alt=\"\" width=\"250\" height=\"250\" srcset=\"https:\/\/colchonesaznar.com\/blog\/wp-content\/uploads\/2023\/11\/black-friday-250-250.jpg 250w, https:\/\/colchonesaznar.com\/blog\/wp-content\/uploads\/2023\/11\/black-friday-250-250-150x150.jpg 150w\" sizes=\"auto, (max-width: 250px) 100vw, 250px\" \/><\/p>\n<h2>\u00bfQu\u00e9 es el Black Friday?<\/h2>\n<p>El Black Friday, o \u00abViernes Negro\u00bb en espa\u00f1ol, es una tradici\u00f3n de origen estadounidense que se celebra el d\u00eda despu\u00e9s de Acci\u00f3n de Gracias. Es conocido por ser el d\u00eda con las mayores rebajas y descuentos del a\u00f1o en una amplia variedad de productos. Muchos comercios ofrecen ofertas especiales, abriendo sus puertas desde muy temprano y, en la era digital, ofreciendo descuentos exclusivos en l\u00ednea. Es el momento perfecto para adelantar las compras navide\u00f1as o simplemente darte un capricho.<\/p>\n<h2>\u00bfCu\u00e1ndo es el Black Friday de 2023?<\/h2>\n<p>El Black Friday siempre se celebra el cuarto viernes de noviembre. En 2023, el<strong> Black Friday tendr\u00e1 lugar el 24 de noviembre<\/strong>. Marca la fecha en tu calendario y prep\u00e1rate para disfrutar de las mejores ofertas y descuentos en tus productos favoritos, incluidos, por supuesto, nuestros canap\u00e9s abatibles.<\/p>\n<p>\u00a1No esperes m\u00e1s! Estas ofertas son por tiempo limitado. Aprovecha el Black Friday para renovar tu habitaci\u00f3n con estos canap\u00e9s abatibles de alta calidad y dise\u00f1o excepcional.<\/p>\n<p>&nbsp;<\/p>\n","protected":false},"excerpt":{"rendered":"<p>\u00a1Las mejores ofertas de Black Friday en Canap\u00e9s Abatibles! El Black Friday ha llegado y con \u00e9l, las ofertas m\u00e1s incre\u00edbles en canap\u00e9s abatibles. Si est\u00e1s buscando maximizar el espacio de almacenamiento en tu habitaci\u00f3n sin sacrificar estilo y calidad, \u00a1est\u00e1s de suerte! A continuaci\u00f3n, te presentamos tres de nuestros canap\u00e9s abatibles m\u00e1s populares con [&hellip;]<\/p>\n","protected":false},"author":14,"featured_media":15115,"comment_status":"closed","ping_status":"closed","sticky":false,"template":"","format":"standard","meta":{"footnotes":""},"categories":[3],"tags":[],"class_list":["post-15102","post","type-post","status-publish","format-standard","has-post-thumbnail","hentry","category-analisis-comparativas"],"yoast_head":"<!-- This site is optimized with the Yoast SEO plugin v27.9 - https:\/\/yoast.com\/product\/yoast-seo-wordpress\/ -->\n<title>Canap\u00e9s Abatibles en Black Friday - ColchonesAznar - Blog<\/title>\n<meta name=\"robots\" content=\"index, follow, max-snippet:-1, max-image-preview:large, max-video-preview:-1\" \/>\n<link rel=\"canonical\" href=\"https:\/\/colchonesaznar.com\/blog\/canapes-abatibles-en-black-friday\/\" \/>\n<meta property=\"og:locale\" content=\"es_ES\" \/>\n<meta property=\"og:type\" content=\"article\" \/>\n<meta property=\"og:title\" content=\"Canap\u00e9s Abatibles en Black Friday - ColchonesAznar - Blog\" \/>\n<meta property=\"og:description\" content=\"\u00a1Las mejores ofertas de Black Friday en Canap\u00e9s Abatibles! El Black Friday ha llegado y con \u00e9l, las ofertas m\u00e1s incre\u00edbles en canap\u00e9s abatibles. Si est\u00e1s buscando maximizar el espacio de almacenamiento en tu habitaci\u00f3n sin sacrificar estilo y calidad, \u00a1est\u00e1s de suerte! A continuaci\u00f3n, te presentamos tres de nuestros canap\u00e9s abatibles m\u00e1s populares con [&hellip;]\" \/>\n<meta property=\"og:url\" content=\"https:\/\/colchonesaznar.com\/blog\/canapes-abatibles-en-black-friday\/\" \/>\n<meta property=\"og:site_name\" content=\"ColchonesAznar - Blog\" \/>\n<meta property=\"article:publisher\" content=\"https:\/\/www.facebook.com\/ColchonesAznar\/\" \/>\n<meta property=\"article:published_time\" content=\"2023-11-02T10:23:21+00:00\" \/>\n<meta property=\"article:modified_time\" content=\"2023-11-02T10:31:21+00:00\" \/>\n<meta property=\"og:image\" content=\"https:\/\/colchonesaznar.com\/blog\/wp-content\/uploads\/2023\/11\/BLACK-FRIDAY-CANAPES-ABATIBLES.jpg\" \/>\n\t<meta property=\"og:image:width\" content=\"800\" \/>\n\t<meta property=\"og:image:height\" content=\"800\" \/>\n\t<meta property=\"og:image:type\" content=\"image\/jpeg\" \/>\n<meta name=\"author\" content=\"H\u00e9ctor\" \/>\n<meta name=\"twitter:card\" content=\"summary_large_image\" \/>\n<meta name=\"twitter:creator\" content=\"@colchonesaznar\" \/>\n<meta name=\"twitter:site\" content=\"@colchonesaznar\" \/>\n<meta name=\"twitter:label1\" content=\"Escrito por\" \/>\n\t<meta name=\"twitter:data1\" content=\"H\u00e9ctor\" \/>\n\t<meta name=\"twitter:label2\" content=\"Tiempo de lectura\" \/>\n\t<meta name=\"twitter:data2\" content=\"4 minutos\" \/>\n<script type=\"application\/ld+json\" class=\"yoast-schema-graph\">{\"@context\":\"https:\\\/\\\/schema.org\",\"@graph\":[{\"@type\":\"Article\",\"@id\":\"https:\\\/\\\/colchonesaznar.com\\\/blog\\\/canapes-abatibles-en-black-friday\\\/#article\",\"isPartOf\":{\"@id\":\"https:\\\/\\\/colchonesaznar.com\\\/blog\\\/canapes-abatibles-en-black-friday\\\/\"},\"author\":{\"name\":\"H\u00e9ctor\",\"@id\":\"https:\\\/\\\/colchonesaznar.com\\\/blog\\\/#\\\/schema\\\/person\\\/6541fdf591b1e399241590360fd67e37\"},\"headline\":\"Canap\u00e9s Abatibles en Black Friday\",\"datePublished\":\"2023-11-02T10:23:21+00:00\",\"dateModified\":\"2023-11-02T10:31:21+00:00\",\"mainEntityOfPage\":{\"@id\":\"https:\\\/\\\/colchonesaznar.com\\\/blog\\\/canapes-abatibles-en-black-friday\\\/\"},\"wordCount\":631,\"publisher\":{\"@id\":\"https:\\\/\\\/colchonesaznar.com\\\/blog\\\/#organization\"},\"image\":{\"@id\":\"https:\\\/\\\/colchonesaznar.com\\\/blog\\\/canapes-abatibles-en-black-friday\\\/#primaryimage\"},\"thumbnailUrl\":\"https:\\\/\\\/colchonesaznar.com\\\/blog\\\/wp-content\\\/uploads\\\/2023\\\/11\\\/BLACK-FRIDAY-CANAPES-ABATIBLES.jpg\",\"articleSection\":[\"An\u00e1lisis y Comparativas\"],\"inLanguage\":\"es\"},{\"@type\":\"WebPage\",\"@id\":\"https:\\\/\\\/colchonesaznar.com\\\/blog\\\/canapes-abatibles-en-black-friday\\\/\",\"url\":\"https:\\\/\\\/colchonesaznar.com\\\/blog\\\/canapes-abatibles-en-black-friday\\\/\",\"name\":\"Canap\u00e9s Abatibles en Black Friday - ColchonesAznar - Blog\",\"isPartOf\":{\"@id\":\"https:\\\/\\\/colchonesaznar.com\\\/blog\\\/#website\"},\"primaryImageOfPage\":{\"@id\":\"https:\\\/\\\/colchonesaznar.com\\\/blog\\\/canapes-abatibles-en-black-friday\\\/#primaryimage\"},\"image\":{\"@id\":\"https:\\\/\\\/colchonesaznar.com\\\/blog\\\/canapes-abatibles-en-black-friday\\\/#primaryimage\"},\"thumbnailUrl\":\"https:\\\/\\\/colchonesaznar.com\\\/blog\\\/wp-content\\\/uploads\\\/2023\\\/11\\\/BLACK-FRIDAY-CANAPES-ABATIBLES.jpg\",\"datePublished\":\"2023-11-02T10:23:21+00:00\",\"dateModified\":\"2023-11-02T10:31:21+00:00\",\"breadcrumb\":{\"@id\":\"https:\\\/\\\/colchonesaznar.com\\\/blog\\\/canapes-abatibles-en-black-friday\\\/#breadcrumb\"},\"inLanguage\":\"es\",\"potentialAction\":[{\"@type\":\"ReadAction\",\"target\":[\"https:\\\/\\\/colchonesaznar.com\\\/blog\\\/canapes-abatibles-en-black-friday\\\/\"]}]},{\"@type\":\"ImageObject\",\"inLanguage\":\"es\",\"@id\":\"https:\\\/\\\/colchonesaznar.com\\\/blog\\\/canapes-abatibles-en-black-friday\\\/#primaryimage\",\"url\":\"https:\\\/\\\/colchonesaznar.com\\\/blog\\\/wp-content\\\/uploads\\\/2023\\\/11\\\/BLACK-FRIDAY-CANAPES-ABATIBLES.jpg\",\"contentUrl\":\"https:\\\/\\\/colchonesaznar.com\\\/blog\\\/wp-content\\\/uploads\\\/2023\\\/11\\\/BLACK-FRIDAY-CANAPES-ABATIBLES.jpg\",\"width\":800,\"height\":800},{\"@type\":\"BreadcrumbList\",\"@id\":\"https:\\\/\\\/colchonesaznar.com\\\/blog\\\/canapes-abatibles-en-black-friday\\\/#breadcrumb\",\"itemListElement\":[{\"@type\":\"ListItem\",\"position\":1,\"name\":\"Home\",\"item\":\"https:\\\/\\\/colchonesaznar.com\\\/blog\\\/\"},{\"@type\":\"ListItem\",\"position\":2,\"name\":\"Canap\u00e9s Abatibles en Black Friday\"}]},{\"@type\":\"WebSite\",\"@id\":\"https:\\\/\\\/colchonesaznar.com\\\/blog\\\/#website\",\"url\":\"https:\\\/\\\/colchonesaznar.com\\\/blog\\\/\",\"name\":\"Colchones Aznar - Blog\",\"description\":\"ColchonesAznar\",\"publisher\":{\"@id\":\"https:\\\/\\\/colchonesaznar.com\\\/blog\\\/#organization\"},\"potentialAction\":[{\"@type\":\"SearchAction\",\"target\":{\"@type\":\"EntryPoint\",\"urlTemplate\":\"https:\\\/\\\/colchonesaznar.com\\\/blog\\\/?s={search_term_string}\"},\"query-input\":{\"@type\":\"PropertyValueSpecification\",\"valueRequired\":true,\"valueName\":\"search_term_string\"}}],\"inLanguage\":\"es\"},{\"@type\":\"Organization\",\"@id\":\"https:\\\/\\\/colchonesaznar.com\\\/blog\\\/#organization\",\"name\":\"Colchones Aznar\",\"url\":\"https:\\\/\\\/colchonesaznar.com\\\/blog\\\/\",\"logo\":{\"@type\":\"ImageObject\",\"inLanguage\":\"es\",\"@id\":\"https:\\\/\\\/colchonesaznar.com\\\/blog\\\/#\\\/schema\\\/logo\\\/image\\\/\",\"url\":\"https:\\\/\\\/colchonesaznar.com\\\/blog\\\/wp-content\\\/uploads\\\/2019\\\/04\\\/opiniones-colchones.jpg\",\"contentUrl\":\"https:\\\/\\\/colchonesaznar.com\\\/blog\\\/wp-content\\\/uploads\\\/2019\\\/04\\\/opiniones-colchones.jpg\",\"width\":1419,\"height\":1419,\"caption\":\"Colchones Aznar\"},\"image\":{\"@id\":\"https:\\\/\\\/colchonesaznar.com\\\/blog\\\/#\\\/schema\\\/logo\\\/image\\\/\"},\"sameAs\":[\"https:\\\/\\\/www.facebook.com\\\/ColchonesAznar\\\/\",\"https:\\\/\\\/x.com\\\/colchonesaznar\",\"https:\\\/\\\/www.instagram.com\\\/aznarcolchones\\\/?hl=es\"]},{\"@type\":\"Person\",\"@id\":\"https:\\\/\\\/colchonesaznar.com\\\/blog\\\/#\\\/schema\\\/person\\\/6541fdf591b1e399241590360fd67e37\",\"name\":\"H\u00e9ctor\",\"image\":{\"@type\":\"ImageObject\",\"inLanguage\":\"es\",\"@id\":\"https:\\\/\\\/secure.gravatar.com\\\/avatar\\\/4868f15a4958aeb7135ad03f2c6a0fc62b085ac6e565b55ba7d2837bf9bcbc10?s=96&d=mm&r=g\",\"url\":\"https:\\\/\\\/secure.gravatar.com\\\/avatar\\\/4868f15a4958aeb7135ad03f2c6a0fc62b085ac6e565b55ba7d2837bf9bcbc10?s=96&d=mm&r=g\",\"contentUrl\":\"https:\\\/\\\/secure.gravatar.com\\\/avatar\\\/4868f15a4958aeb7135ad03f2c6a0fc62b085ac6e565b55ba7d2837bf9bcbc10?s=96&d=mm&r=g\",\"caption\":\"H\u00e9ctor\"},\"url\":\"https:\\\/\\\/colchonesaznar.com\\\/blog\\\/author\\\/hector\\\/\"}]}<\/script>\n<!-- \/ Yoast SEO plugin. -->","yoast_head_json":{"title":"Canap\u00e9s Abatibles en Black Friday - ColchonesAznar - Blog","robots":{"index":"index","follow":"follow","max-snippet":"max-snippet:-1","max-image-preview":"max-image-preview:large","max-video-preview":"max-video-preview:-1"},"canonical":"https:\/\/colchonesaznar.com\/blog\/canapes-abatibles-en-black-friday\/","og_locale":"es_ES","og_type":"article","og_title":"Canap\u00e9s Abatibles en Black Friday - ColchonesAznar - Blog","og_description":"\u00a1Las mejores ofertas de Black Friday en Canap\u00e9s Abatibles! El Black Friday ha llegado y con \u00e9l, las ofertas m\u00e1s incre\u00edbles en canap\u00e9s abatibles. Si est\u00e1s buscando maximizar el espacio de almacenamiento en tu habitaci\u00f3n sin sacrificar estilo y calidad, \u00a1est\u00e1s de suerte! A continuaci\u00f3n, te presentamos tres de nuestros canap\u00e9s abatibles m\u00e1s populares con [&hellip;]","og_url":"https:\/\/colchonesaznar.com\/blog\/canapes-abatibles-en-black-friday\/","og_site_name":"ColchonesAznar - Blog","article_publisher":"https:\/\/www.facebook.com\/ColchonesAznar\/","article_published_time":"2023-11-02T10:23:21+00:00","article_modified_time":"2023-11-02T10:31:21+00:00","og_image":[{"width":800,"height":800,"url":"https:\/\/colchonesaznar.com\/blog\/wp-content\/uploads\/2023\/11\/BLACK-FRIDAY-CANAPES-ABATIBLES.jpg","type":"image\/jpeg"}],"author":"H\u00e9ctor","twitter_card":"summary_large_image","twitter_creator":"@colchonesaznar","twitter_site":"@colchonesaznar","twitter_misc":{"Escrito por":"H\u00e9ctor","Tiempo de lectura":"4 minutos"},"schema":{"@context":"https:\/\/schema.org","@graph":[{"@type":"Article","@id":"https:\/\/colchonesaznar.com\/blog\/canapes-abatibles-en-black-friday\/#article","isPartOf":{"@id":"https:\/\/colchonesaznar.com\/blog\/canapes-abatibles-en-black-friday\/"},"author":{"name":"H\u00e9ctor","@id":"https:\/\/colchonesaznar.com\/blog\/#\/schema\/person\/6541fdf591b1e399241590360fd67e37"},"headline":"Canap\u00e9s Abatibles en Black Friday","datePublished":"2023-11-02T10:23:21+00:00","dateModified":"2023-11-02T10:31:21+00:00","mainEntityOfPage":{"@id":"https:\/\/colchonesaznar.com\/blog\/canapes-abatibles-en-black-friday\/"},"wordCount":631,"publisher":{"@id":"https:\/\/colchonesaznar.com\/blog\/#organization"},"image":{"@id":"https:\/\/colchonesaznar.com\/blog\/canapes-abatibles-en-black-friday\/#primaryimage"},"thumbnailUrl":"https:\/\/colchonesaznar.com\/blog\/wp-content\/uploads\/2023\/11\/BLACK-FRIDAY-CANAPES-ABATIBLES.jpg","articleSection":["An\u00e1lisis y Comparativas"],"inLanguage":"es"},{"@type":"WebPage","@id":"https:\/\/colchonesaznar.com\/blog\/canapes-abatibles-en-black-friday\/","url":"https:\/\/colchonesaznar.com\/blog\/canapes-abatibles-en-black-friday\/","name":"Canap\u00e9s Abatibles en Black Friday - ColchonesAznar - Blog","isPartOf":{"@id":"https:\/\/colchonesaznar.com\/blog\/#website"},"primaryImageOfPage":{"@id":"https:\/\/colchonesaznar.com\/blog\/canapes-abatibles-en-black-friday\/#primaryimage"},"image":{"@id":"https:\/\/colchonesaznar.com\/blog\/canapes-abatibles-en-black-friday\/#primaryimage"},"thumbnailUrl":"https:\/\/colchonesaznar.com\/blog\/wp-content\/uploads\/2023\/11\/BLACK-FRIDAY-CANAPES-ABATIBLES.jpg","datePublished":"2023-11-02T10:23:21+00:00","dateModified":"2023-11-02T10:31:21+00:00","breadcrumb":{"@id":"https:\/\/colchonesaznar.com\/blog\/canapes-abatibles-en-black-friday\/#breadcrumb"},"inLanguage":"es","potentialAction":[{"@type":"ReadAction","target":["https:\/\/colchonesaznar.com\/blog\/canapes-abatibles-en-black-friday\/"]}]},{"@type":"ImageObject","inLanguage":"es","@id":"https:\/\/colchonesaznar.com\/blog\/canapes-abatibles-en-black-friday\/#primaryimage","url":"https:\/\/colchonesaznar.com\/blog\/wp-content\/uploads\/2023\/11\/BLACK-FRIDAY-CANAPES-ABATIBLES.jpg","contentUrl":"https:\/\/colchonesaznar.com\/blog\/wp-content\/uploads\/2023\/11\/BLACK-FRIDAY-CANAPES-ABATIBLES.jpg","width":800,"height":800},{"@type":"BreadcrumbList","@id":"https:\/\/colchonesaznar.com\/blog\/canapes-abatibles-en-black-friday\/#breadcrumb","itemListElement":[{"@type":"ListItem","position":1,"name":"Home","item":"https:\/\/colchonesaznar.com\/blog\/"},{"@type":"ListItem","position":2,"name":"Canap\u00e9s Abatibles en Black Friday"}]},{"@type":"WebSite","@id":"https:\/\/colchonesaznar.com\/blog\/#website","url":"https:\/\/colchonesaznar.com\/blog\/","name":"Colchones Aznar - Blog","description":"ColchonesAznar","publisher":{"@id":"https:\/\/colchonesaznar.com\/blog\/#organization"},"potentialAction":[{"@type":"SearchAction","target":{"@type":"EntryPoint","urlTemplate":"https:\/\/colchonesaznar.com\/blog\/?s={search_term_string}"},"query-input":{"@type":"PropertyValueSpecification","valueRequired":true,"valueName":"search_term_string"}}],"inLanguage":"es"},{"@type":"Organization","@id":"https:\/\/colchonesaznar.com\/blog\/#organization","name":"Colchones Aznar","url":"https:\/\/colchonesaznar.com\/blog\/","logo":{"@type":"ImageObject","inLanguage":"es","@id":"https:\/\/colchonesaznar.com\/blog\/#\/schema\/logo\/image\/","url":"https:\/\/colchonesaznar.com\/blog\/wp-content\/uploads\/2019\/04\/opiniones-colchones.jpg","contentUrl":"https:\/\/colchonesaznar.com\/blog\/wp-content\/uploads\/2019\/04\/opiniones-colchones.jpg","width":1419,"height":1419,"caption":"Colchones Aznar"},"image":{"@id":"https:\/\/colchonesaznar.com\/blog\/#\/schema\/logo\/image\/"},"sameAs":["https:\/\/www.facebook.com\/ColchonesAznar\/","https:\/\/x.com\/colchonesaznar","https:\/\/www.instagram.com\/aznarcolchones\/?hl=es"]},{"@type":"Person","@id":"https:\/\/colchonesaznar.com\/blog\/#\/schema\/person\/6541fdf591b1e399241590360fd67e37","name":"H\u00e9ctor","image":{"@type":"ImageObject","inLanguage":"es","@id":"https:\/\/secure.gravatar.com\/avatar\/4868f15a4958aeb7135ad03f2c6a0fc62b085ac6e565b55ba7d2837bf9bcbc10?s=96&d=mm&r=g","url":"https:\/\/secure.gravatar.com\/avatar\/4868f15a4958aeb7135ad03f2c6a0fc62b085ac6e565b55ba7d2837bf9bcbc10?s=96&d=mm&r=g","contentUrl":"https:\/\/secure.gravatar.com\/avatar\/4868f15a4958aeb7135ad03f2c6a0fc62b085ac6e565b55ba7d2837bf9bcbc10?s=96&d=mm&r=g","caption":"H\u00e9ctor"},"url":"https:\/\/colchonesaznar.com\/blog\/author\/hector\/"}]}},"_links":{"self":[{"href":"https:\/\/colchonesaznar.com\/blog\/wp-json\/wp\/v2\/posts\/15102","targetHints":{"allow":["GET"]}}],"collection":[{"href":"https:\/\/colchonesaznar.com\/blog\/wp-json\/wp\/v2\/posts"}],"about":[{"href":"https:\/\/colchonesaznar.com\/blog\/wp-json\/wp\/v2\/types\/post"}],"author":[{"embeddable":true,"href":"https:\/\/colchonesaznar.com\/blog\/wp-json\/wp\/v2\/users\/14"}],"replies":[{"embeddable":true,"href":"https:\/\/colchonesaznar.com\/blog\/wp-json\/wp\/v2\/comments?post=15102"}],"version-history":[{"count":6,"href":"https:\/\/colchonesaznar.com\/blog\/wp-json\/wp\/v2\/posts\/15102\/revisions"}],"predecessor-version":[{"id":15117,"href":"https:\/\/colchonesaznar.com\/blog\/wp-json\/wp\/v2\/posts\/15102\/revisions\/15117"}],"wp:featuredmedia":[{"embeddable":true,"href":"https:\/\/colchonesaznar.com\/blog\/wp-json\/wp\/v2\/media\/15115"}],"wp:attachment":[{"href":"https:\/\/colchonesaznar.com\/blog\/wp-json\/wp\/v2\/media?parent=15102"}],"wp:term":[{"taxonomy":"category","embeddable":true,"href":"https:\/\/colchonesaznar.com\/blog\/wp-json\/wp\/v2\/categories?post=15102"},{"taxonomy":"post_tag","embeddable":true,"href":"https:\/\/colchonesaznar.com\/blog\/wp-json\/wp\/v2\/tags?post=15102"}],"curies":[{"name":"wp","href":"https:\/\/api.w.org\/{rel}","templated":true}]}}