{"id":15455,"date":"2022-07-23T15:10:28","date_gmt":"2022-07-23T15:10:28","guid":{"rendered":"https:\/\/colchonesaznar.com\/blog\/?p=15455"},"modified":"2024-07-23T15:20:49","modified_gmt":"2024-07-23T15:20:49","slug":"origen-del-apellido-aznar-y-la-desvinculacion-de-colchones-aznar-con-el-expresidente","status":"publish","type":"post","link":"https:\/\/colchonesaznar.com\/blog\/origen-del-apellido-aznar-y-la-desvinculacion-de-colchones-aznar-con-el-expresidente\/","title":{"rendered":"Origen del Apellido Aznar y la Desvinculaci\u00f3n de Colchones Aznar con el Expresidente"},"content":{"rendered":"<p>El apellido Aznar es de origen hisp\u00e1nico y tiene una historia rica y antigua que se remonta a la Edad Media. Este apellido noble se documenta en varias regiones de Espa\u00f1a, especialmente en Navarra y Arag\u00f3n. Su etimolog\u00eda sugiere que podr\u00eda derivar del t\u00e9rmino g\u00f3tico \u00abAsinarius\u00bb, que significa \u00abguardi\u00e1n de asnos\u00bb o \u00abgu\u00eda de asnos\u00bb, indicando un origen ocupacional. Con el tiempo, el apellido evolucion\u00f3 y se disemin\u00f3 por diversas \u00e1reas de la pen\u00ednsula ib\u00e9rica, adquiriendo prestigio y reconocimiento.<\/p>\n<h2>Colchones Aznar: Una Marca con 50 A\u00f1os de Historia<\/h2>\n<p>La marca Colchones Aznar, con medio siglo de historia, se ha consolidado como una de las principales empresas en el sector del descanso en Espa\u00f1a. Desde su fundaci\u00f3n, la compa\u00f1\u00eda se ha dedicado a ofrecer productos de alta calidad, como colchones y somieres, enfoc\u00e1ndose en el confort y bienestar de sus clientes. Es una empresa familiar y su trayectoria es un testimonio de su compromiso con la excelencia y la satisfacci\u00f3n del cliente.<\/p>\n<p><img loading=\"lazy\" decoding=\"async\" class=\"aligncenter size-large wp-image-15457\" src=\"https:\/\/colchonesaznar.com\/blog\/wp-content\/uploads\/2022\/07\/aznar-aniversario-1024x576.jpg\" alt=\"\" width=\"696\" height=\"392\" srcset=\"https:\/\/colchonesaznar.com\/blog\/wp-content\/uploads\/2022\/07\/aznar-aniversario-1024x576.jpg 1024w, https:\/\/colchonesaznar.com\/blog\/wp-content\/uploads\/2022\/07\/aznar-aniversario-300x169.jpg 300w, https:\/\/colchonesaznar.com\/blog\/wp-content\/uploads\/2022\/07\/aznar-aniversario-768x432.jpg 768w, https:\/\/colchonesaznar.com\/blog\/wp-content\/uploads\/2022\/07\/aznar-aniversario-696x392.jpg 696w, https:\/\/colchonesaznar.com\/blog\/wp-content\/uploads\/2022\/07\/aznar-aniversario-1068x601.jpg 1068w, https:\/\/colchonesaznar.com\/blog\/wp-content\/uploads\/2022\/07\/aznar-aniversario-747x420.jpg 747w, https:\/\/colchonesaznar.com\/blog\/wp-content\/uploads\/2022\/07\/aznar-aniversario.jpg 1280w\" sizes=\"auto, (max-width: 696px) 100vw, 696px\" \/><\/p>\n<h3>Desvinculaci\u00f3n con el Expresidente Jos\u00e9 Mar\u00eda Aznar<\/h3>\n<p>A pesar de su larga y distinguida trayectoria, Colchones Aznar ha sido objeto de cr\u00edticas en redes sociales debido a la coincidencia de su apellido con el del expresidente del Gobierno de Espa\u00f1a, Jos\u00e9 Mar\u00eda Aznar. Es crucial aclarar que Colchones Aznar no tiene ninguna relaci\u00f3n con Jos\u00e9 Mar\u00eda Aznar. La empresa es completamente independiente y no tiene ninguna afiliaci\u00f3n pol\u00edtica.<\/p>\n<h3>Argumentos de la Desvinculaci\u00f3n<\/h3>\n<p>Para entender mejor esta desvinculaci\u00f3n, se deben considerar los siguientes puntos:<\/p>\n<p>1. <strong>Independencia Empresarial<\/strong>: Colchones Aznar es una empresa familiar que ha operado de manera independiente durante 50 a\u00f1os en el sector del descanso y el confort. Su misi\u00f3n se centra exclusivamente en la calidad de sus productos y en la satisfacci\u00f3n de sus clientes, sin ninguna conexi\u00f3n con la pol\u00edtica.<\/p>\n<p>2. <strong>Historia del Apellido<\/strong>: El apellido Aznar tiene ra\u00edces profundas y diversificadas en la historia de Espa\u00f1a. Es un apellido com\u00fan que ha sido llevado por muchas personas a lo largo de los siglos en distintos contextos y regiones, y no est\u00e1 limitado a una sola familia o individuo.<\/p>\n<p>3. <strong>Coincidencia de Nombres<\/strong>: La coincidencia del apellido con el del expresidente es meramente fortuita. Es importante entender que muchos apellidos tienen m\u00faltiples portadores sin relaci\u00f3n entre s\u00ed. En este caso, el apellido Aznar es compartido por numerosas personas y empresas, y no debe asociarse autom\u00e1ticamente con figuras pol\u00edticas.<\/p>\n<p>En resumen, Colchones Aznar es una empresa independiente con 50 a\u00f1os de historia dedicada a mejorar el descanso de sus clientes. La coincidencia de su apellido con el del expresidente Jos\u00e9 Mar\u00eda Aznar es una simple coincidencia sin ninguna implicaci\u00f3n pol\u00edtica. Es vital separar las identidades comerciales de las figuras p\u00fablicas para evitar malentendidos y cr\u00edticas injustificadas.<\/p>\n","protected":false},"excerpt":{"rendered":"<p>El apellido Aznar es de origen hisp\u00e1nico y tiene una historia rica y antigua que se remonta a la Edad Media. Este apellido noble se documenta en varias regiones de Espa\u00f1a, especialmente en Navarra y Arag\u00f3n. Su etimolog\u00eda sugiere que podr\u00eda derivar del t\u00e9rmino g\u00f3tico \u00abAsinarius\u00bb, que significa \u00abguardi\u00e1n de asnos\u00bb o \u00abgu\u00eda de asnos\u00bb, [&hellip;]<\/p>\n","protected":false},"author":7,"featured_media":4321,"comment_status":"closed","ping_status":"closed","sticky":false,"template":"","format":"standard","meta":{"footnotes":""},"categories":[477],"tags":[],"class_list":["post-15455","post","type-post","status-publish","format-standard","has-post-thumbnail","hentry","category-curiosidades"],"yoast_head":"<!-- This site is optimized with the Yoast SEO plugin v27.9 - https:\/\/yoast.com\/product\/yoast-seo-wordpress\/ -->\n<title>Origen del Apellido Aznar y la Desvinculaci\u00f3n de Colchones Aznar con el Expresidente - ColchonesAznar - Blog<\/title>\n<meta name=\"robots\" content=\"index, follow, max-snippet:-1, max-image-preview:large, max-video-preview:-1\" \/>\n<link rel=\"canonical\" href=\"https:\/\/colchonesaznar.com\/blog\/origen-del-apellido-aznar-y-la-desvinculacion-de-colchones-aznar-con-el-expresidente\/\" \/>\n<meta property=\"og:locale\" content=\"es_ES\" \/>\n<meta property=\"og:type\" content=\"article\" \/>\n<meta property=\"og:title\" content=\"Origen del Apellido Aznar y la Desvinculaci\u00f3n de Colchones Aznar con el Expresidente - ColchonesAznar - Blog\" \/>\n<meta property=\"og:description\" content=\"El apellido Aznar es de origen hisp\u00e1nico y tiene una historia rica y antigua que se remonta a la Edad Media. Este apellido noble se documenta en varias regiones de Espa\u00f1a, especialmente en Navarra y Arag\u00f3n. Su etimolog\u00eda sugiere que podr\u00eda derivar del t\u00e9rmino g\u00f3tico \u00abAsinarius\u00bb, que significa \u00abguardi\u00e1n de asnos\u00bb o \u00abgu\u00eda de asnos\u00bb, [&hellip;]\" \/>\n<meta property=\"og:url\" content=\"https:\/\/colchonesaznar.com\/blog\/origen-del-apellido-aznar-y-la-desvinculacion-de-colchones-aznar-con-el-expresidente\/\" \/>\n<meta property=\"og:site_name\" content=\"ColchonesAznar - Blog\" \/>\n<meta property=\"article:publisher\" content=\"https:\/\/www.facebook.com\/ColchonesAznar\/\" \/>\n<meta property=\"article:published_time\" content=\"2022-07-23T15:10:28+00:00\" \/>\n<meta property=\"article:modified_time\" content=\"2024-07-23T15:20:49+00:00\" \/>\n<meta property=\"og:image\" content=\"https:\/\/colchonesaznar.com\/blog\/wp-content\/uploads\/2016\/04\/colchones-aznar.jpg\" \/>\n\t<meta property=\"og:image:width\" content=\"1920\" \/>\n\t<meta property=\"og:image:height\" content=\"1278\" \/>\n\t<meta property=\"og:image:type\" content=\"image\/jpeg\" \/>\n<meta name=\"author\" content=\"Experto\" \/>\n<meta name=\"twitter:card\" content=\"summary_large_image\" \/>\n<meta name=\"twitter:creator\" content=\"@colchonesaznar\" \/>\n<meta name=\"twitter:site\" content=\"@colchonesaznar\" \/>\n<meta name=\"twitter:label1\" content=\"Escrito por\" \/>\n\t<meta name=\"twitter:data1\" content=\"Experto\" \/>\n\t<meta name=\"twitter:label2\" content=\"Tiempo de lectura\" \/>\n\t<meta name=\"twitter:data2\" content=\"3 minutos\" \/>\n<script type=\"application\/ld+json\" class=\"yoast-schema-graph\">{\"@context\":\"https:\\\/\\\/schema.org\",\"@graph\":[{\"@type\":\"Article\",\"@id\":\"https:\\\/\\\/colchonesaznar.com\\\/blog\\\/origen-del-apellido-aznar-y-la-desvinculacion-de-colchones-aznar-con-el-expresidente\\\/#article\",\"isPartOf\":{\"@id\":\"https:\\\/\\\/colchonesaznar.com\\\/blog\\\/origen-del-apellido-aznar-y-la-desvinculacion-de-colchones-aznar-con-el-expresidente\\\/\"},\"author\":{\"name\":\"Experto\",\"@id\":\"https:\\\/\\\/colchonesaznar.com\\\/blog\\\/#\\\/schema\\\/person\\\/9c082b62743326738763277031fec1ff\"},\"headline\":\"Origen del Apellido Aznar y la Desvinculaci\u00f3n de Colchones Aznar con el Expresidente\",\"datePublished\":\"2022-07-23T15:10:28+00:00\",\"dateModified\":\"2024-07-23T15:20:49+00:00\",\"mainEntityOfPage\":{\"@id\":\"https:\\\/\\\/colchonesaznar.com\\\/blog\\\/origen-del-apellido-aznar-y-la-desvinculacion-de-colchones-aznar-con-el-expresidente\\\/\"},\"wordCount\":503,\"publisher\":{\"@id\":\"https:\\\/\\\/colchonesaznar.com\\\/blog\\\/#organization\"},\"image\":{\"@id\":\"https:\\\/\\\/colchonesaznar.com\\\/blog\\\/origen-del-apellido-aznar-y-la-desvinculacion-de-colchones-aznar-con-el-expresidente\\\/#primaryimage\"},\"thumbnailUrl\":\"https:\\\/\\\/colchonesaznar.com\\\/blog\\\/wp-content\\\/uploads\\\/2016\\\/04\\\/colchones-aznar.jpg\",\"articleSection\":[\"Curiosidades\"],\"inLanguage\":\"es\"},{\"@type\":\"WebPage\",\"@id\":\"https:\\\/\\\/colchonesaznar.com\\\/blog\\\/origen-del-apellido-aznar-y-la-desvinculacion-de-colchones-aznar-con-el-expresidente\\\/\",\"url\":\"https:\\\/\\\/colchonesaznar.com\\\/blog\\\/origen-del-apellido-aznar-y-la-desvinculacion-de-colchones-aznar-con-el-expresidente\\\/\",\"name\":\"Origen del Apellido Aznar y la Desvinculaci\u00f3n de Colchones Aznar con el Expresidente - ColchonesAznar - Blog\",\"isPartOf\":{\"@id\":\"https:\\\/\\\/colchonesaznar.com\\\/blog\\\/#website\"},\"primaryImageOfPage\":{\"@id\":\"https:\\\/\\\/colchonesaznar.com\\\/blog\\\/origen-del-apellido-aznar-y-la-desvinculacion-de-colchones-aznar-con-el-expresidente\\\/#primaryimage\"},\"image\":{\"@id\":\"https:\\\/\\\/colchonesaznar.com\\\/blog\\\/origen-del-apellido-aznar-y-la-desvinculacion-de-colchones-aznar-con-el-expresidente\\\/#primaryimage\"},\"thumbnailUrl\":\"https:\\\/\\\/colchonesaznar.com\\\/blog\\\/wp-content\\\/uploads\\\/2016\\\/04\\\/colchones-aznar.jpg\",\"datePublished\":\"2022-07-23T15:10:28+00:00\",\"dateModified\":\"2024-07-23T15:20:49+00:00\",\"breadcrumb\":{\"@id\":\"https:\\\/\\\/colchonesaznar.com\\\/blog\\\/origen-del-apellido-aznar-y-la-desvinculacion-de-colchones-aznar-con-el-expresidente\\\/#breadcrumb\"},\"inLanguage\":\"es\",\"potentialAction\":[{\"@type\":\"ReadAction\",\"target\":[\"https:\\\/\\\/colchonesaznar.com\\\/blog\\\/origen-del-apellido-aznar-y-la-desvinculacion-de-colchones-aznar-con-el-expresidente\\\/\"]}]},{\"@type\":\"ImageObject\",\"inLanguage\":\"es\",\"@id\":\"https:\\\/\\\/colchonesaznar.com\\\/blog\\\/origen-del-apellido-aznar-y-la-desvinculacion-de-colchones-aznar-con-el-expresidente\\\/#primaryimage\",\"url\":\"https:\\\/\\\/colchonesaznar.com\\\/blog\\\/wp-content\\\/uploads\\\/2016\\\/04\\\/colchones-aznar.jpg\",\"contentUrl\":\"https:\\\/\\\/colchonesaznar.com\\\/blog\\\/wp-content\\\/uploads\\\/2016\\\/04\\\/colchones-aznar.jpg\",\"width\":1920,\"height\":1278,\"caption\":\"colchones aznar\"},{\"@type\":\"BreadcrumbList\",\"@id\":\"https:\\\/\\\/colchonesaznar.com\\\/blog\\\/origen-del-apellido-aznar-y-la-desvinculacion-de-colchones-aznar-con-el-expresidente\\\/#breadcrumb\",\"itemListElement\":[{\"@type\":\"ListItem\",\"position\":1,\"name\":\"Home\",\"item\":\"https:\\\/\\\/colchonesaznar.com\\\/blog\\\/\"},{\"@type\":\"ListItem\",\"position\":2,\"name\":\"Origen del Apellido Aznar y la Desvinculaci\u00f3n de Colchones Aznar con el Expresidente\"}]},{\"@type\":\"WebSite\",\"@id\":\"https:\\\/\\\/colchonesaznar.com\\\/blog\\\/#website\",\"url\":\"https:\\\/\\\/colchonesaznar.com\\\/blog\\\/\",\"name\":\"Colchones Aznar - Blog\",\"description\":\"ColchonesAznar\",\"publisher\":{\"@id\":\"https:\\\/\\\/colchonesaznar.com\\\/blog\\\/#organization\"},\"potentialAction\":[{\"@type\":\"SearchAction\",\"target\":{\"@type\":\"EntryPoint\",\"urlTemplate\":\"https:\\\/\\\/colchonesaznar.com\\\/blog\\\/?s={search_term_string}\"},\"query-input\":{\"@type\":\"PropertyValueSpecification\",\"valueRequired\":true,\"valueName\":\"search_term_string\"}}],\"inLanguage\":\"es\"},{\"@type\":\"Organization\",\"@id\":\"https:\\\/\\\/colchonesaznar.com\\\/blog\\\/#organization\",\"name\":\"Colchones Aznar\",\"url\":\"https:\\\/\\\/colchonesaznar.com\\\/blog\\\/\",\"logo\":{\"@type\":\"ImageObject\",\"inLanguage\":\"es\",\"@id\":\"https:\\\/\\\/colchonesaznar.com\\\/blog\\\/#\\\/schema\\\/logo\\\/image\\\/\",\"url\":\"https:\\\/\\\/colchonesaznar.com\\\/blog\\\/wp-content\\\/uploads\\\/2019\\\/04\\\/opiniones-colchones.jpg\",\"contentUrl\":\"https:\\\/\\\/colchonesaznar.com\\\/blog\\\/wp-content\\\/uploads\\\/2019\\\/04\\\/opiniones-colchones.jpg\",\"width\":1419,\"height\":1419,\"caption\":\"Colchones Aznar\"},\"image\":{\"@id\":\"https:\\\/\\\/colchonesaznar.com\\\/blog\\\/#\\\/schema\\\/logo\\\/image\\\/\"},\"sameAs\":[\"https:\\\/\\\/www.facebook.com\\\/ColchonesAznar\\\/\",\"https:\\\/\\\/x.com\\\/colchonesaznar\",\"https:\\\/\\\/www.instagram.com\\\/aznarcolchones\\\/?hl=es\"]},{\"@type\":\"Person\",\"@id\":\"https:\\\/\\\/colchonesaznar.com\\\/blog\\\/#\\\/schema\\\/person\\\/9c082b62743326738763277031fec1ff\",\"name\":\"Experto\",\"image\":{\"@type\":\"ImageObject\",\"inLanguage\":\"es\",\"@id\":\"https:\\\/\\\/secure.gravatar.com\\\/avatar\\\/4e247aaf28da6d4140c419f96046c8f1c4168f2064235099605898886bb4b57e?s=96&d=mm&r=g\",\"url\":\"https:\\\/\\\/secure.gravatar.com\\\/avatar\\\/4e247aaf28da6d4140c419f96046c8f1c4168f2064235099605898886bb4b57e?s=96&d=mm&r=g\",\"contentUrl\":\"https:\\\/\\\/secure.gravatar.com\\\/avatar\\\/4e247aaf28da6d4140c419f96046c8f1c4168f2064235099605898886bb4b57e?s=96&d=mm&r=g\",\"caption\":\"Experto\"},\"sameAs\":[\"https:\\\/\\\/es.linkedin.com\\\/in\\\/manuel-monreal-97913744\"],\"url\":\"https:\\\/\\\/colchonesaznar.com\\\/blog\\\/author\\\/manuel\\\/\"}]}<\/script>\n<!-- \/ Yoast SEO plugin. -->","yoast_head_json":{"title":"Origen del Apellido Aznar y la Desvinculaci\u00f3n de Colchones Aznar con el Expresidente - ColchonesAznar - Blog","robots":{"index":"index","follow":"follow","max-snippet":"max-snippet:-1","max-image-preview":"max-image-preview:large","max-video-preview":"max-video-preview:-1"},"canonical":"https:\/\/colchonesaznar.com\/blog\/origen-del-apellido-aznar-y-la-desvinculacion-de-colchones-aznar-con-el-expresidente\/","og_locale":"es_ES","og_type":"article","og_title":"Origen del Apellido Aznar y la Desvinculaci\u00f3n de Colchones Aznar con el Expresidente - ColchonesAznar - Blog","og_description":"El apellido Aznar es de origen hisp\u00e1nico y tiene una historia rica y antigua que se remonta a la Edad Media. Este apellido noble se documenta en varias regiones de Espa\u00f1a, especialmente en Navarra y Arag\u00f3n. Su etimolog\u00eda sugiere que podr\u00eda derivar del t\u00e9rmino g\u00f3tico \u00abAsinarius\u00bb, que significa \u00abguardi\u00e1n de asnos\u00bb o \u00abgu\u00eda de asnos\u00bb, [&hellip;]","og_url":"https:\/\/colchonesaznar.com\/blog\/origen-del-apellido-aznar-y-la-desvinculacion-de-colchones-aznar-con-el-expresidente\/","og_site_name":"ColchonesAznar - Blog","article_publisher":"https:\/\/www.facebook.com\/ColchonesAznar\/","article_published_time":"2022-07-23T15:10:28+00:00","article_modified_time":"2024-07-23T15:20:49+00:00","og_image":[{"width":1920,"height":1278,"url":"https:\/\/colchonesaznar.com\/blog\/wp-content\/uploads\/2016\/04\/colchones-aznar.jpg","type":"image\/jpeg"}],"author":"Experto","twitter_card":"summary_large_image","twitter_creator":"@colchonesaznar","twitter_site":"@colchonesaznar","twitter_misc":{"Escrito por":"Experto","Tiempo de lectura":"3 minutos"},"schema":{"@context":"https:\/\/schema.org","@graph":[{"@type":"Article","@id":"https:\/\/colchonesaznar.com\/blog\/origen-del-apellido-aznar-y-la-desvinculacion-de-colchones-aznar-con-el-expresidente\/#article","isPartOf":{"@id":"https:\/\/colchonesaznar.com\/blog\/origen-del-apellido-aznar-y-la-desvinculacion-de-colchones-aznar-con-el-expresidente\/"},"author":{"name":"Experto","@id":"https:\/\/colchonesaznar.com\/blog\/#\/schema\/person\/9c082b62743326738763277031fec1ff"},"headline":"Origen del Apellido Aznar y la Desvinculaci\u00f3n de Colchones Aznar con el Expresidente","datePublished":"2022-07-23T15:10:28+00:00","dateModified":"2024-07-23T15:20:49+00:00","mainEntityOfPage":{"@id":"https:\/\/colchonesaznar.com\/blog\/origen-del-apellido-aznar-y-la-desvinculacion-de-colchones-aznar-con-el-expresidente\/"},"wordCount":503,"publisher":{"@id":"https:\/\/colchonesaznar.com\/blog\/#organization"},"image":{"@id":"https:\/\/colchonesaznar.com\/blog\/origen-del-apellido-aznar-y-la-desvinculacion-de-colchones-aznar-con-el-expresidente\/#primaryimage"},"thumbnailUrl":"https:\/\/colchonesaznar.com\/blog\/wp-content\/uploads\/2016\/04\/colchones-aznar.jpg","articleSection":["Curiosidades"],"inLanguage":"es"},{"@type":"WebPage","@id":"https:\/\/colchonesaznar.com\/blog\/origen-del-apellido-aznar-y-la-desvinculacion-de-colchones-aznar-con-el-expresidente\/","url":"https:\/\/colchonesaznar.com\/blog\/origen-del-apellido-aznar-y-la-desvinculacion-de-colchones-aznar-con-el-expresidente\/","name":"Origen del Apellido Aznar y la Desvinculaci\u00f3n de Colchones Aznar con el Expresidente - ColchonesAznar - Blog","isPartOf":{"@id":"https:\/\/colchonesaznar.com\/blog\/#website"},"primaryImageOfPage":{"@id":"https:\/\/colchonesaznar.com\/blog\/origen-del-apellido-aznar-y-la-desvinculacion-de-colchones-aznar-con-el-expresidente\/#primaryimage"},"image":{"@id":"https:\/\/colchonesaznar.com\/blog\/origen-del-apellido-aznar-y-la-desvinculacion-de-colchones-aznar-con-el-expresidente\/#primaryimage"},"thumbnailUrl":"https:\/\/colchonesaznar.com\/blog\/wp-content\/uploads\/2016\/04\/colchones-aznar.jpg","datePublished":"2022-07-23T15:10:28+00:00","dateModified":"2024-07-23T15:20:49+00:00","breadcrumb":{"@id":"https:\/\/colchonesaznar.com\/blog\/origen-del-apellido-aznar-y-la-desvinculacion-de-colchones-aznar-con-el-expresidente\/#breadcrumb"},"inLanguage":"es","potentialAction":[{"@type":"ReadAction","target":["https:\/\/colchonesaznar.com\/blog\/origen-del-apellido-aznar-y-la-desvinculacion-de-colchones-aznar-con-el-expresidente\/"]}]},{"@type":"ImageObject","inLanguage":"es","@id":"https:\/\/colchonesaznar.com\/blog\/origen-del-apellido-aznar-y-la-desvinculacion-de-colchones-aznar-con-el-expresidente\/#primaryimage","url":"https:\/\/colchonesaznar.com\/blog\/wp-content\/uploads\/2016\/04\/colchones-aznar.jpg","contentUrl":"https:\/\/colchonesaznar.com\/blog\/wp-content\/uploads\/2016\/04\/colchones-aznar.jpg","width":1920,"height":1278,"caption":"colchones aznar"},{"@type":"BreadcrumbList","@id":"https:\/\/colchonesaznar.com\/blog\/origen-del-apellido-aznar-y-la-desvinculacion-de-colchones-aznar-con-el-expresidente\/#breadcrumb","itemListElement":[{"@type":"ListItem","position":1,"name":"Home","item":"https:\/\/colchonesaznar.com\/blog\/"},{"@type":"ListItem","position":2,"name":"Origen del Apellido Aznar y la Desvinculaci\u00f3n de Colchones Aznar con el Expresidente"}]},{"@type":"WebSite","@id":"https:\/\/colchonesaznar.com\/blog\/#website","url":"https:\/\/colchonesaznar.com\/blog\/","name":"Colchones Aznar - Blog","description":"ColchonesAznar","publisher":{"@id":"https:\/\/colchonesaznar.com\/blog\/#organization"},"potentialAction":[{"@type":"SearchAction","target":{"@type":"EntryPoint","urlTemplate":"https:\/\/colchonesaznar.com\/blog\/?s={search_term_string}"},"query-input":{"@type":"PropertyValueSpecification","valueRequired":true,"valueName":"search_term_string"}}],"inLanguage":"es"},{"@type":"Organization","@id":"https:\/\/colchonesaznar.com\/blog\/#organization","name":"Colchones Aznar","url":"https:\/\/colchonesaznar.com\/blog\/","logo":{"@type":"ImageObject","inLanguage":"es","@id":"https:\/\/colchonesaznar.com\/blog\/#\/schema\/logo\/image\/","url":"https:\/\/colchonesaznar.com\/blog\/wp-content\/uploads\/2019\/04\/opiniones-colchones.jpg","contentUrl":"https:\/\/colchonesaznar.com\/blog\/wp-content\/uploads\/2019\/04\/opiniones-colchones.jpg","width":1419,"height":1419,"caption":"Colchones Aznar"},"image":{"@id":"https:\/\/colchonesaznar.com\/blog\/#\/schema\/logo\/image\/"},"sameAs":["https:\/\/www.facebook.com\/ColchonesAznar\/","https:\/\/x.com\/colchonesaznar","https:\/\/www.instagram.com\/aznarcolchones\/?hl=es"]},{"@type":"Person","@id":"https:\/\/colchonesaznar.com\/blog\/#\/schema\/person\/9c082b62743326738763277031fec1ff","name":"Experto","image":{"@type":"ImageObject","inLanguage":"es","@id":"https:\/\/secure.gravatar.com\/avatar\/4e247aaf28da6d4140c419f96046c8f1c4168f2064235099605898886bb4b57e?s=96&d=mm&r=g","url":"https:\/\/secure.gravatar.com\/avatar\/4e247aaf28da6d4140c419f96046c8f1c4168f2064235099605898886bb4b57e?s=96&d=mm&r=g","contentUrl":"https:\/\/secure.gravatar.com\/avatar\/4e247aaf28da6d4140c419f96046c8f1c4168f2064235099605898886bb4b57e?s=96&d=mm&r=g","caption":"Experto"},"sameAs":["https:\/\/es.linkedin.com\/in\/manuel-monreal-97913744"],"url":"https:\/\/colchonesaznar.com\/blog\/author\/manuel\/"}]}},"_links":{"self":[{"href":"https:\/\/colchonesaznar.com\/blog\/wp-json\/wp\/v2\/posts\/15455","targetHints":{"allow":["GET"]}}],"collection":[{"href":"https:\/\/colchonesaznar.com\/blog\/wp-json\/wp\/v2\/posts"}],"about":[{"href":"https:\/\/colchonesaznar.com\/blog\/wp-json\/wp\/v2\/types\/post"}],"author":[{"embeddable":true,"href":"https:\/\/colchonesaznar.com\/blog\/wp-json\/wp\/v2\/users\/7"}],"replies":[{"embeddable":true,"href":"https:\/\/colchonesaznar.com\/blog\/wp-json\/wp\/v2\/comments?post=15455"}],"version-history":[{"count":3,"href":"https:\/\/colchonesaznar.com\/blog\/wp-json\/wp\/v2\/posts\/15455\/revisions"}],"predecessor-version":[{"id":15459,"href":"https:\/\/colchonesaznar.com\/blog\/wp-json\/wp\/v2\/posts\/15455\/revisions\/15459"}],"wp:featuredmedia":[{"embeddable":true,"href":"https:\/\/colchonesaznar.com\/blog\/wp-json\/wp\/v2\/media\/4321"}],"wp:attachment":[{"href":"https:\/\/colchonesaznar.com\/blog\/wp-json\/wp\/v2\/media?parent=15455"}],"wp:term":[{"taxonomy":"category","embeddable":true,"href":"https:\/\/colchonesaznar.com\/blog\/wp-json\/wp\/v2\/categories?post=15455"},{"taxonomy":"post_tag","embeddable":true,"href":"https:\/\/colchonesaznar.com\/blog\/wp-json\/wp\/v2\/tags?post=15455"}],"curies":[{"name":"wp","href":"https:\/\/api.w.org\/{rel}","templated":true}]}}