{"id":2101,"date":"2013-10-29T11:01:30","date_gmt":"2013-10-29T11:01:30","guid":{"rendered":"http:\/\/www.ofertascolchonesaznar.com\/blog\/?p=2101"},"modified":"2019-04-12T14:09:33","modified_gmt":"2019-04-12T14:09:33","slug":"alergia-contra-el-polvo-de-casa","status":"publish","type":"post","link":"https:\/\/colchonesaznar.com\/blog\/alergia-contra-el-polvo-de-casa\/","title":{"rendered":"\u00bfAlergia contra el polvo de casa?"},"content":{"rendered":"<h1>Edredones rellenos de plumas y plumones.<\/h1>\n<p><a href=\"https:\/\/colchonesaznar.com\/blog\/wp-content\/uploads\/2013\/10\/plumon-de-oca-alergias.jpg\"><img loading=\"lazy\" decoding=\"async\" class=\"size-full wp-image-3472 aligncenter\" src=\"https:\/\/colchonesaznar.com\/blog\/wp-content\/uploads\/2013\/10\/plumon-de-oca-alergias.jpg\" alt=\"Colchones Aznar, Edredones de plumas.\" width=\"250\" height=\"269\" \/><\/a><\/p>\n<p>Frecuentemente se mantienen que hay una relaci\u00f3n entre reacciones al\u00e9rgicas provocadas por \u00e1caros de polvo y el uso de edredones con rellenos de pluma y Plum\u00f3n.<br \/>\nMuchos m\u00e9dicos y expertos textiles aconsejan a pacientes y clientes expuestos al riesgo de alergias que abandonen el uso de edredones y usen otros materiales de relleno.<br \/>\nSin embargo, a base a recientes resultados de experimentos cient\u00edficos se debe olvidar este prejuicio sobre las propiedades negativas de los edredones y \u2018a\u00fan volver este prejuicio al contrario.<\/p>\n<p>Personas que sufren de alergias provocadas por \u00e1caros no deben abandonar el uso de edredones rellenos de plumas y plumones.<br \/>\nEn experimentos hechos en la Europa Central se examinaron la infestaci\u00f3n de \u00e1caros de unas cien habitaciones, dormitorios, camas, edredones, y almohadas y se estableci\u00f3:<\/p>\n<h2>1. Los \u00e1caros de polvo<\/h2>\n<p>no prefieren vivir en el interior de edredones y almohadas rellenos de plumas y plumones. Al tratar las almohadas y los edredones apropiadamente, normalmente no se encuentran \u00e1caros en los rellenos puesto que el tejido tupido de la envoltura del edred\u00f3n es una barrera impermeable para estos animales.<\/p>\n<h2>2. Las condiciones clim\u00e1ticas y de calor<\/h2>\n<p>de los edredones (que son favorables para las personas que duermen, es decir la propiedad de establecer un poder aislante y absorber y transmitir la humedad r\u00e1pidamente), son desfavorables para los \u00e1caros, puesto que son dependientes de la humedad.<\/p>\n<h2>3. En cada habitaci\u00f3n y dormitorio<\/h2>\n<p>inevitablemente se encuentran \u00e1caros del polvo. Se alimentan de las personas que duermen, es decir de peque\u00f1itas escamas de la piel, que cada persona inevitablemente y frecuentemente pierde. Pero, los \u00e1caros no se alimentan de plumas y plumones. En amplios experimentos cient\u00edficos y ecol\u00f3gicos correspondientes al h\u00e1bitat y la existencia de \u00e1caros en todas las zonas clim\u00e1ticas de Europa se estableci\u00f3 claramente que edredones rellenos de plumas y plumones no tienen ninguna importancia como biotopo o nutrici\u00f3n de \u00e1caros. Por lo tanto no hay ninguna raz\u00f3n ni cient\u00edfica ni pr\u00e1ctica para no aconsejar a personas que sufran alergias provocadas por \u00e1caros, usar edredones rellenos de pluma y plumones.<\/p>\n<h3>Buenas noticias para personas al\u00e9rgicas<\/h3>\n<p>Personas al\u00e9rgicas y asm\u00e1ticas pueden sentirse liberados. Ellas tambi\u00e9n no deben dejar de dormir con productos naturales como las plumas y plumones.<br \/>\nNuevos experimentos en el campo de enfermedades al\u00e9rgicas mostraban:<\/p>\n<p>Al contrario de lo hasta ahora supuesto, plumas y plumones no causan alergias provocadas por \u00e1caros de polvo. Plumas y plumones no causan reacciones al\u00e9rgicas de las v\u00edas respiratorias, como p. e. asma y catarro del heno. As\u00ed, no hay ninguna raz\u00f3n para que personas al\u00e9rgicas y asm\u00e1ticas de eviten dormir en edredones rellenos de plumas y plumones. Abandonar este uso de edredones rellenos de plumas y plumones solamente ser\u00eda una desventaja con respecto al sue\u00f1o c\u00f3modo.<\/p>\n<p>Estos datos han sido facilitados por la EDFA (European down&amp;feather association)<\/p>\n","protected":false},"excerpt":{"rendered":"<p>Edredones rellenos de plumas y plumones. Frecuentemente se mantienen que hay una relaci\u00f3n entre reacciones al\u00e9rgicas provocadas por \u00e1caros de polvo y el uso de edredones con rellenos de pluma y Plum\u00f3n. Muchos m\u00e9dicos y expertos textiles aconsejan a pacientes y clientes expuestos al riesgo de alergias que abandonen el uso de edredones y usen [&hellip;]<\/p>\n","protected":false},"author":7,"featured_media":3472,"comment_status":"closed","ping_status":"open","sticky":false,"template":"","format":"standard","meta":{"footnotes":""},"categories":[8],"tags":[],"class_list":["post-2101","post","type-post","status-publish","format-standard","has-post-thumbnail","hentry","category-salud-descanso"],"yoast_head":"<!-- This site is optimized with the Yoast SEO plugin v27.9 - https:\/\/yoast.com\/product\/yoast-seo-wordpress\/ -->\n<title>\u00bfAlergia contra el polvo de casa? - ColchonesAznar - Blog<\/title>\n<meta name=\"description\" content=\"En Colchones Aznar encontrar\u00e1 edredones.\" \/>\n<meta name=\"robots\" content=\"index, follow, max-snippet:-1, max-image-preview:large, max-video-preview:-1\" \/>\n<link rel=\"canonical\" href=\"https:\/\/colchonesaznar.com\/blog\/alergia-contra-el-polvo-de-casa\/\" \/>\n<meta property=\"og:locale\" content=\"es_ES\" \/>\n<meta property=\"og:type\" content=\"article\" \/>\n<meta property=\"og:title\" content=\"\u00bfAlergia contra el polvo de casa? - ColchonesAznar - Blog\" \/>\n<meta property=\"og:description\" content=\"En Colchones Aznar encontrar\u00e1 edredones.\" \/>\n<meta property=\"og:url\" content=\"https:\/\/colchonesaznar.com\/blog\/alergia-contra-el-polvo-de-casa\/\" \/>\n<meta property=\"og:site_name\" content=\"ColchonesAznar - Blog\" \/>\n<meta property=\"article:publisher\" content=\"https:\/\/www.facebook.com\/ColchonesAznar\/\" \/>\n<meta property=\"article:published_time\" content=\"2013-10-29T11:01:30+00:00\" \/>\n<meta property=\"article:modified_time\" content=\"2019-04-12T14:09:33+00:00\" \/>\n<meta property=\"og:image\" content=\"https:\/\/colchonesaznar.com\/blog\/wp-content\/uploads\/2013\/10\/plumon-de-oca-alergias.jpg\" \/>\n\t<meta property=\"og:image:width\" content=\"250\" \/>\n\t<meta property=\"og:image:height\" content=\"269\" \/>\n\t<meta property=\"og:image:type\" content=\"image\/jpeg\" \/>\n<meta name=\"author\" content=\"Experto\" \/>\n<meta name=\"twitter:card\" content=\"summary_large_image\" \/>\n<meta name=\"twitter:creator\" content=\"@colchonesaznar\" \/>\n<meta name=\"twitter:site\" content=\"@colchonesaznar\" \/>\n<meta name=\"twitter:label1\" content=\"Escrito por\" \/>\n\t<meta name=\"twitter:data1\" content=\"Experto\" \/>\n\t<meta name=\"twitter:label2\" content=\"Tiempo de lectura\" \/>\n\t<meta name=\"twitter:data2\" content=\"3 minutos\" \/>\n<script type=\"application\/ld+json\" class=\"yoast-schema-graph\">{\"@context\":\"https:\\\/\\\/schema.org\",\"@graph\":[{\"@type\":\"Article\",\"@id\":\"https:\\\/\\\/colchonesaznar.com\\\/blog\\\/alergia-contra-el-polvo-de-casa\\\/#article\",\"isPartOf\":{\"@id\":\"https:\\\/\\\/colchonesaznar.com\\\/blog\\\/alergia-contra-el-polvo-de-casa\\\/\"},\"author\":{\"name\":\"Experto\",\"@id\":\"https:\\\/\\\/colchonesaznar.com\\\/blog\\\/#\\\/schema\\\/person\\\/9c082b62743326738763277031fec1ff\"},\"headline\":\"\u00bfAlergia contra el polvo de casa?\",\"datePublished\":\"2013-10-29T11:01:30+00:00\",\"dateModified\":\"2019-04-12T14:09:33+00:00\",\"mainEntityOfPage\":{\"@id\":\"https:\\\/\\\/colchonesaznar.com\\\/blog\\\/alergia-contra-el-polvo-de-casa\\\/\"},\"wordCount\":508,\"publisher\":{\"@id\":\"https:\\\/\\\/colchonesaznar.com\\\/blog\\\/#organization\"},\"image\":{\"@id\":\"https:\\\/\\\/colchonesaznar.com\\\/blog\\\/alergia-contra-el-polvo-de-casa\\\/#primaryimage\"},\"thumbnailUrl\":\"https:\\\/\\\/colchonesaznar.com\\\/blog\\\/wp-content\\\/uploads\\\/2013\\\/10\\\/plumon-de-oca-alergias.jpg\",\"articleSection\":[\"Salud y Descanso\"],\"inLanguage\":\"es\"},{\"@type\":\"WebPage\",\"@id\":\"https:\\\/\\\/colchonesaznar.com\\\/blog\\\/alergia-contra-el-polvo-de-casa\\\/\",\"url\":\"https:\\\/\\\/colchonesaznar.com\\\/blog\\\/alergia-contra-el-polvo-de-casa\\\/\",\"name\":\"\u00bfAlergia contra el polvo de casa? - ColchonesAznar - Blog\",\"isPartOf\":{\"@id\":\"https:\\\/\\\/colchonesaznar.com\\\/blog\\\/#website\"},\"primaryImageOfPage\":{\"@id\":\"https:\\\/\\\/colchonesaznar.com\\\/blog\\\/alergia-contra-el-polvo-de-casa\\\/#primaryimage\"},\"image\":{\"@id\":\"https:\\\/\\\/colchonesaznar.com\\\/blog\\\/alergia-contra-el-polvo-de-casa\\\/#primaryimage\"},\"thumbnailUrl\":\"https:\\\/\\\/colchonesaznar.com\\\/blog\\\/wp-content\\\/uploads\\\/2013\\\/10\\\/plumon-de-oca-alergias.jpg\",\"datePublished\":\"2013-10-29T11:01:30+00:00\",\"dateModified\":\"2019-04-12T14:09:33+00:00\",\"description\":\"En Colchones Aznar encontrar\u00e1 edredones.\",\"breadcrumb\":{\"@id\":\"https:\\\/\\\/colchonesaznar.com\\\/blog\\\/alergia-contra-el-polvo-de-casa\\\/#breadcrumb\"},\"inLanguage\":\"es\",\"potentialAction\":[{\"@type\":\"ReadAction\",\"target\":[\"https:\\\/\\\/colchonesaznar.com\\\/blog\\\/alergia-contra-el-polvo-de-casa\\\/\"]}]},{\"@type\":\"ImageObject\",\"inLanguage\":\"es\",\"@id\":\"https:\\\/\\\/colchonesaznar.com\\\/blog\\\/alergia-contra-el-polvo-de-casa\\\/#primaryimage\",\"url\":\"https:\\\/\\\/colchonesaznar.com\\\/blog\\\/wp-content\\\/uploads\\\/2013\\\/10\\\/plumon-de-oca-alergias.jpg\",\"contentUrl\":\"https:\\\/\\\/colchonesaznar.com\\\/blog\\\/wp-content\\\/uploads\\\/2013\\\/10\\\/plumon-de-oca-alergias.jpg\",\"width\":250,\"height\":269,\"caption\":\"Colchones Aznar, Edredones de plumas.\"},{\"@type\":\"BreadcrumbList\",\"@id\":\"https:\\\/\\\/colchonesaznar.com\\\/blog\\\/alergia-contra-el-polvo-de-casa\\\/#breadcrumb\",\"itemListElement\":[{\"@type\":\"ListItem\",\"position\":1,\"name\":\"Home\",\"item\":\"https:\\\/\\\/colchonesaznar.com\\\/blog\\\/\"},{\"@type\":\"ListItem\",\"position\":2,\"name\":\"\u00bfAlergia contra el polvo de casa?\"}]},{\"@type\":\"WebSite\",\"@id\":\"https:\\\/\\\/colchonesaznar.com\\\/blog\\\/#website\",\"url\":\"https:\\\/\\\/colchonesaznar.com\\\/blog\\\/\",\"name\":\"Colchones Aznar - Blog\",\"description\":\"ColchonesAznar\",\"publisher\":{\"@id\":\"https:\\\/\\\/colchonesaznar.com\\\/blog\\\/#organization\"},\"potentialAction\":[{\"@type\":\"SearchAction\",\"target\":{\"@type\":\"EntryPoint\",\"urlTemplate\":\"https:\\\/\\\/colchonesaznar.com\\\/blog\\\/?s={search_term_string}\"},\"query-input\":{\"@type\":\"PropertyValueSpecification\",\"valueRequired\":true,\"valueName\":\"search_term_string\"}}],\"inLanguage\":\"es\"},{\"@type\":\"Organization\",\"@id\":\"https:\\\/\\\/colchonesaznar.com\\\/blog\\\/#organization\",\"name\":\"Colchones Aznar\",\"url\":\"https:\\\/\\\/colchonesaznar.com\\\/blog\\\/\",\"logo\":{\"@type\":\"ImageObject\",\"inLanguage\":\"es\",\"@id\":\"https:\\\/\\\/colchonesaznar.com\\\/blog\\\/#\\\/schema\\\/logo\\\/image\\\/\",\"url\":\"https:\\\/\\\/colchonesaznar.com\\\/blog\\\/wp-content\\\/uploads\\\/2019\\\/04\\\/opiniones-colchones.jpg\",\"contentUrl\":\"https:\\\/\\\/colchonesaznar.com\\\/blog\\\/wp-content\\\/uploads\\\/2019\\\/04\\\/opiniones-colchones.jpg\",\"width\":1419,\"height\":1419,\"caption\":\"Colchones Aznar\"},\"image\":{\"@id\":\"https:\\\/\\\/colchonesaznar.com\\\/blog\\\/#\\\/schema\\\/logo\\\/image\\\/\"},\"sameAs\":[\"https:\\\/\\\/www.facebook.com\\\/ColchonesAznar\\\/\",\"https:\\\/\\\/x.com\\\/colchonesaznar\",\"https:\\\/\\\/www.instagram.com\\\/aznarcolchones\\\/?hl=es\"]},{\"@type\":\"Person\",\"@id\":\"https:\\\/\\\/colchonesaznar.com\\\/blog\\\/#\\\/schema\\\/person\\\/9c082b62743326738763277031fec1ff\",\"name\":\"Experto\",\"image\":{\"@type\":\"ImageObject\",\"inLanguage\":\"es\",\"@id\":\"https:\\\/\\\/secure.gravatar.com\\\/avatar\\\/4e247aaf28da6d4140c419f96046c8f1c4168f2064235099605898886bb4b57e?s=96&d=mm&r=g\",\"url\":\"https:\\\/\\\/secure.gravatar.com\\\/avatar\\\/4e247aaf28da6d4140c419f96046c8f1c4168f2064235099605898886bb4b57e?s=96&d=mm&r=g\",\"contentUrl\":\"https:\\\/\\\/secure.gravatar.com\\\/avatar\\\/4e247aaf28da6d4140c419f96046c8f1c4168f2064235099605898886bb4b57e?s=96&d=mm&r=g\",\"caption\":\"Experto\"},\"sameAs\":[\"https:\\\/\\\/es.linkedin.com\\\/in\\\/manuel-monreal-97913744\"],\"url\":\"https:\\\/\\\/colchonesaznar.com\\\/blog\\\/author\\\/manuel\\\/\"}]}<\/script>\n<!-- \/ Yoast SEO plugin. -->","yoast_head_json":{"title":"\u00bfAlergia contra el polvo de casa? - ColchonesAznar - Blog","description":"En Colchones Aznar encontrar\u00e1 edredones.","robots":{"index":"index","follow":"follow","max-snippet":"max-snippet:-1","max-image-preview":"max-image-preview:large","max-video-preview":"max-video-preview:-1"},"canonical":"https:\/\/colchonesaznar.com\/blog\/alergia-contra-el-polvo-de-casa\/","og_locale":"es_ES","og_type":"article","og_title":"\u00bfAlergia contra el polvo de casa? - ColchonesAznar - Blog","og_description":"En Colchones Aznar encontrar\u00e1 edredones.","og_url":"https:\/\/colchonesaznar.com\/blog\/alergia-contra-el-polvo-de-casa\/","og_site_name":"ColchonesAznar - Blog","article_publisher":"https:\/\/www.facebook.com\/ColchonesAznar\/","article_published_time":"2013-10-29T11:01:30+00:00","article_modified_time":"2019-04-12T14:09:33+00:00","og_image":[{"width":250,"height":269,"url":"https:\/\/colchonesaznar.com\/blog\/wp-content\/uploads\/2013\/10\/plumon-de-oca-alergias.jpg","type":"image\/jpeg"}],"author":"Experto","twitter_card":"summary_large_image","twitter_creator":"@colchonesaznar","twitter_site":"@colchonesaznar","twitter_misc":{"Escrito por":"Experto","Tiempo de lectura":"3 minutos"},"schema":{"@context":"https:\/\/schema.org","@graph":[{"@type":"Article","@id":"https:\/\/colchonesaznar.com\/blog\/alergia-contra-el-polvo-de-casa\/#article","isPartOf":{"@id":"https:\/\/colchonesaznar.com\/blog\/alergia-contra-el-polvo-de-casa\/"},"author":{"name":"Experto","@id":"https:\/\/colchonesaznar.com\/blog\/#\/schema\/person\/9c082b62743326738763277031fec1ff"},"headline":"\u00bfAlergia contra el polvo de casa?","datePublished":"2013-10-29T11:01:30+00:00","dateModified":"2019-04-12T14:09:33+00:00","mainEntityOfPage":{"@id":"https:\/\/colchonesaznar.com\/blog\/alergia-contra-el-polvo-de-casa\/"},"wordCount":508,"publisher":{"@id":"https:\/\/colchonesaznar.com\/blog\/#organization"},"image":{"@id":"https:\/\/colchonesaznar.com\/blog\/alergia-contra-el-polvo-de-casa\/#primaryimage"},"thumbnailUrl":"https:\/\/colchonesaznar.com\/blog\/wp-content\/uploads\/2013\/10\/plumon-de-oca-alergias.jpg","articleSection":["Salud y Descanso"],"inLanguage":"es"},{"@type":"WebPage","@id":"https:\/\/colchonesaznar.com\/blog\/alergia-contra-el-polvo-de-casa\/","url":"https:\/\/colchonesaznar.com\/blog\/alergia-contra-el-polvo-de-casa\/","name":"\u00bfAlergia contra el polvo de casa? - ColchonesAznar - Blog","isPartOf":{"@id":"https:\/\/colchonesaznar.com\/blog\/#website"},"primaryImageOfPage":{"@id":"https:\/\/colchonesaznar.com\/blog\/alergia-contra-el-polvo-de-casa\/#primaryimage"},"image":{"@id":"https:\/\/colchonesaznar.com\/blog\/alergia-contra-el-polvo-de-casa\/#primaryimage"},"thumbnailUrl":"https:\/\/colchonesaznar.com\/blog\/wp-content\/uploads\/2013\/10\/plumon-de-oca-alergias.jpg","datePublished":"2013-10-29T11:01:30+00:00","dateModified":"2019-04-12T14:09:33+00:00","description":"En Colchones Aznar encontrar\u00e1 edredones.","breadcrumb":{"@id":"https:\/\/colchonesaznar.com\/blog\/alergia-contra-el-polvo-de-casa\/#breadcrumb"},"inLanguage":"es","potentialAction":[{"@type":"ReadAction","target":["https:\/\/colchonesaznar.com\/blog\/alergia-contra-el-polvo-de-casa\/"]}]},{"@type":"ImageObject","inLanguage":"es","@id":"https:\/\/colchonesaznar.com\/blog\/alergia-contra-el-polvo-de-casa\/#primaryimage","url":"https:\/\/colchonesaznar.com\/blog\/wp-content\/uploads\/2013\/10\/plumon-de-oca-alergias.jpg","contentUrl":"https:\/\/colchonesaznar.com\/blog\/wp-content\/uploads\/2013\/10\/plumon-de-oca-alergias.jpg","width":250,"height":269,"caption":"Colchones Aznar, Edredones de plumas."},{"@type":"BreadcrumbList","@id":"https:\/\/colchonesaznar.com\/blog\/alergia-contra-el-polvo-de-casa\/#breadcrumb","itemListElement":[{"@type":"ListItem","position":1,"name":"Home","item":"https:\/\/colchonesaznar.com\/blog\/"},{"@type":"ListItem","position":2,"name":"\u00bfAlergia contra el polvo de casa?"}]},{"@type":"WebSite","@id":"https:\/\/colchonesaznar.com\/blog\/#website","url":"https:\/\/colchonesaznar.com\/blog\/","name":"Colchones Aznar - Blog","description":"ColchonesAznar","publisher":{"@id":"https:\/\/colchonesaznar.com\/blog\/#organization"},"potentialAction":[{"@type":"SearchAction","target":{"@type":"EntryPoint","urlTemplate":"https:\/\/colchonesaznar.com\/blog\/?s={search_term_string}"},"query-input":{"@type":"PropertyValueSpecification","valueRequired":true,"valueName":"search_term_string"}}],"inLanguage":"es"},{"@type":"Organization","@id":"https:\/\/colchonesaznar.com\/blog\/#organization","name":"Colchones Aznar","url":"https:\/\/colchonesaznar.com\/blog\/","logo":{"@type":"ImageObject","inLanguage":"es","@id":"https:\/\/colchonesaznar.com\/blog\/#\/schema\/logo\/image\/","url":"https:\/\/colchonesaznar.com\/blog\/wp-content\/uploads\/2019\/04\/opiniones-colchones.jpg","contentUrl":"https:\/\/colchonesaznar.com\/blog\/wp-content\/uploads\/2019\/04\/opiniones-colchones.jpg","width":1419,"height":1419,"caption":"Colchones Aznar"},"image":{"@id":"https:\/\/colchonesaznar.com\/blog\/#\/schema\/logo\/image\/"},"sameAs":["https:\/\/www.facebook.com\/ColchonesAznar\/","https:\/\/x.com\/colchonesaznar","https:\/\/www.instagram.com\/aznarcolchones\/?hl=es"]},{"@type":"Person","@id":"https:\/\/colchonesaznar.com\/blog\/#\/schema\/person\/9c082b62743326738763277031fec1ff","name":"Experto","image":{"@type":"ImageObject","inLanguage":"es","@id":"https:\/\/secure.gravatar.com\/avatar\/4e247aaf28da6d4140c419f96046c8f1c4168f2064235099605898886bb4b57e?s=96&d=mm&r=g","url":"https:\/\/secure.gravatar.com\/avatar\/4e247aaf28da6d4140c419f96046c8f1c4168f2064235099605898886bb4b57e?s=96&d=mm&r=g","contentUrl":"https:\/\/secure.gravatar.com\/avatar\/4e247aaf28da6d4140c419f96046c8f1c4168f2064235099605898886bb4b57e?s=96&d=mm&r=g","caption":"Experto"},"sameAs":["https:\/\/es.linkedin.com\/in\/manuel-monreal-97913744"],"url":"https:\/\/colchonesaznar.com\/blog\/author\/manuel\/"}]}},"_links":{"self":[{"href":"https:\/\/colchonesaznar.com\/blog\/wp-json\/wp\/v2\/posts\/2101","targetHints":{"allow":["GET"]}}],"collection":[{"href":"https:\/\/colchonesaznar.com\/blog\/wp-json\/wp\/v2\/posts"}],"about":[{"href":"https:\/\/colchonesaznar.com\/blog\/wp-json\/wp\/v2\/types\/post"}],"author":[{"embeddable":true,"href":"https:\/\/colchonesaznar.com\/blog\/wp-json\/wp\/v2\/users\/7"}],"replies":[{"embeddable":true,"href":"https:\/\/colchonesaznar.com\/blog\/wp-json\/wp\/v2\/comments?post=2101"}],"version-history":[{"count":1,"href":"https:\/\/colchonesaznar.com\/blog\/wp-json\/wp\/v2\/posts\/2101\/revisions"}],"predecessor-version":[{"id":11106,"href":"https:\/\/colchonesaznar.com\/blog\/wp-json\/wp\/v2\/posts\/2101\/revisions\/11106"}],"wp:featuredmedia":[{"embeddable":true,"href":"https:\/\/colchonesaznar.com\/blog\/wp-json\/wp\/v2\/media\/3472"}],"wp:attachment":[{"href":"https:\/\/colchonesaznar.com\/blog\/wp-json\/wp\/v2\/media?parent=2101"}],"wp:term":[{"taxonomy":"category","embeddable":true,"href":"https:\/\/colchonesaznar.com\/blog\/wp-json\/wp\/v2\/categories?post=2101"},{"taxonomy":"post_tag","embeddable":true,"href":"https:\/\/colchonesaznar.com\/blog\/wp-json\/wp\/v2\/tags?post=2101"}],"curies":[{"name":"wp","href":"https:\/\/api.w.org\/{rel}","templated":true}]}}