{"id":668,"date":"2011-09-21T18:33:40","date_gmt":"2011-09-21T16:33:40","guid":{"rendered":"http:\/\/www.ofertascolchonesaznar.com\/blog\/?p=668"},"modified":"2024-05-31T08:52:44","modified_gmt":"2024-05-31T08:52:44","slug":"colchones-aznar-sigue-creciendo-para-ti","status":"publish","type":"post","link":"https:\/\/colchonesaznar.com\/blog\/colchones-aznar-sigue-creciendo-para-ti\/","title":{"rendered":"Colchones Aznar sigue creciendo para ti."},"content":{"rendered":"<p><strong>Colchones Aznar sigue creciendo<\/strong>, presentamos la tienda n\u00famero 14 en Alca\u00f1iz. Encuentra tu tienda m\u00e1s cercana y cambia tu viejo colch\u00f3n.<\/p>\n<p style=\"text-align: center;\"><span style=\"color: #339966;\">Si eres de Alca\u00f1iz o vas de paso, \u00a1Te Esperamos!<\/span><\/p>\n<p>En\u00a0Pza de Paola Blasco, 2, local 20. \u00a1Comprar complementos de Descanso al Mejor precio del mercado!<\/p>\n<p>Pasamos m\u00e1s de 23 a\u00f1os de nuestras vidas durmiendo, <strong>\u00a1Apuesta por un Descanso de Calidad!<\/strong><\/p>\n<p><a href=\"https:\/\/colchonesaznar.com\/blog\/wp-content\/uploads\/2011\/09\/colchones-aznar-alcaniz.png\" rel=\"attachment wp-att-6314\"><img loading=\"lazy\" decoding=\"async\" class=\"aligncenter wp-image-6314 size-full\" src=\"https:\/\/colchonesaznar.com\/blog\/wp-content\/uploads\/2011\/09\/colchones-aznar-alcaniz.png\" alt=\"colchones aznar alca\u00f1iz\" width=\"512\" height=\"269\" srcset=\"https:\/\/colchonesaznar.com\/blog\/wp-content\/uploads\/2011\/09\/colchones-aznar-alcaniz.png 512w, https:\/\/colchonesaznar.com\/blog\/wp-content\/uploads\/2011\/09\/colchones-aznar-alcaniz-300x158.png 300w\" sizes=\"auto, (max-width: 512px) 100vw, 512px\" \/><\/a><\/p>\n<p>Colchones de Muelles, Colchones de L\u00e1tex, Colchones de Espumaci\u00f3n, Colchones de Viscoel\u00e1stica, Canap\u00e9s abatibles, Literas, Somieres&#8230; <a href=\"https:\/\/colchonesaznar.com\/es\/\" target=\"_blank\" rel=\"noopener noreferrer\">\u00a1Todo para conseguir un Sue\u00f1o Reparador!<\/a><\/p>\n<p style=\"text-align: center;\"><strong><span style=\"color: #339966;\">\u21d3<\/span><\/strong>Tambi\u00e9n puedes comprar c\u00f3modamente sin moverte de Casa<strong><span style=\"color: #339966;\">\u21d3<\/span><\/strong><\/p>\n<p style=\"text-align: center;\"><a href=\"https:\/\/colchonesaznar.com\/es\/92-rebajas-colchones-aznar\" target=\"_blank\" rel=\"attachment wp-att-6247 noopener noreferrer\"><img loading=\"lazy\" decoding=\"async\" class=\"aligncenter wp-image-6247 size-full\" src=\"https:\/\/colchonesaznar.com\/blog\/wp-content\/uploads\/2017\/01\/rebajas-2017.jpg\" alt=\"ofertas colchones\" width=\"590\" height=\"120\" srcset=\"https:\/\/colchonesaznar.com\/blog\/wp-content\/uploads\/2017\/01\/rebajas-2017.jpg 590w, https:\/\/colchonesaznar.com\/blog\/wp-content\/uploads\/2017\/01\/rebajas-2017-300x61.jpg 300w\" sizes=\"auto, (max-width: 590px) 100vw, 590px\" \/><\/a><\/p>\n<h2 style=\"text-align: center;\">Colchones Aznar sigue creciendo, \u00a1Ven a comprobarlo!<\/h2>\n","protected":false},"excerpt":{"rendered":"<p>Colchones Aznar sigue creciendo, presentamos la tienda n\u00famero 14 en Alca\u00f1iz. Encuentra tu tienda m\u00e1s cercana y cambia tu viejo colch\u00f3n. Si eres de Alca\u00f1iz o vas de paso, \u00a1Te Esperamos! En\u00a0Pza de Paola Blasco, 2, local 20. \u00a1Comprar complementos de Descanso al Mejor precio del mercado! Pasamos m\u00e1s de 23 a\u00f1os de nuestras vidas [&hellip;]<\/p>\n","protected":false},"author":7,"featured_media":6315,"comment_status":"open","ping_status":"open","sticky":false,"template":"","format":"standard","meta":{"footnotes":""},"categories":[7],"tags":[125,210,419,423],"class_list":["post-668","post","type-post","status-publish","format-standard","has-post-thumbnail","hentry","category-novedades-noticias","tag-colchones-aznar","tag-descanso","tag-tienda-de-colchones","tag-tiendas-colchones-aznar"],"yoast_head":"<!-- This site is optimized with the Yoast SEO plugin v27.9 - https:\/\/yoast.com\/product\/yoast-seo-wordpress\/ -->\n<title>Colchones Aznar sigue creciendo, nueva tienda en Alca\u00f1iz.<\/title>\n<meta name=\"description\" content=\"Colchones Aznar sigue creciendo, una vez m\u00e1s ampliamos nuestro n\u00famero de tiendas de Colchones en Arag\u00f3n, Ahora toca tienda de colchones en Alca\u00f1iz.\" \/>\n<meta name=\"robots\" content=\"index, follow, max-snippet:-1, max-image-preview:large, max-video-preview:-1\" \/>\n<link rel=\"canonical\" href=\"https:\/\/colchonesaznar.com\/blog\/colchones-aznar-sigue-creciendo-para-ti\/\" \/>\n<meta property=\"og:locale\" content=\"es_ES\" \/>\n<meta property=\"og:type\" content=\"article\" \/>\n<meta property=\"og:title\" content=\"Colchones Aznar sigue creciendo, nueva tienda en Alca\u00f1iz.\" \/>\n<meta property=\"og:description\" content=\"Colchones Aznar sigue creciendo, una vez m\u00e1s ampliamos nuestro n\u00famero de tiendas de Colchones en Arag\u00f3n, Ahora toca tienda de colchones en Alca\u00f1iz.\" \/>\n<meta property=\"og:url\" content=\"https:\/\/colchonesaznar.com\/blog\/colchones-aznar-sigue-creciendo-para-ti\/\" \/>\n<meta property=\"og:site_name\" content=\"ColchonesAznar - Blog\" \/>\n<meta property=\"article:publisher\" content=\"https:\/\/www.facebook.com\/ColchonesAznar\/\" \/>\n<meta property=\"article:published_time\" content=\"2011-09-21T16:33:40+00:00\" \/>\n<meta property=\"article:modified_time\" content=\"2024-05-31T08:52:44+00:00\" \/>\n<meta property=\"og:image\" content=\"https:\/\/colchonesaznar.com\/blog\/wp-content\/uploads\/2011\/09\/colchones-rebajas.png\" \/>\n\t<meta property=\"og:image:width\" content=\"768\" \/>\n\t<meta property=\"og:image:height\" content=\"428\" \/>\n\t<meta property=\"og:image:type\" content=\"image\/png\" \/>\n<meta name=\"author\" content=\"Experto\" \/>\n<meta name=\"twitter:card\" content=\"summary_large_image\" \/>\n<meta name=\"twitter:creator\" content=\"@colchonesaznar\" \/>\n<meta name=\"twitter:site\" content=\"@colchonesaznar\" \/>\n<meta name=\"twitter:label1\" content=\"Escrito por\" \/>\n\t<meta name=\"twitter:data1\" content=\"Experto\" \/>\n\t<meta name=\"twitter:label2\" content=\"Tiempo de lectura\" \/>\n\t<meta name=\"twitter:data2\" content=\"2 minutos\" \/>\n<script type=\"application\/ld+json\" class=\"yoast-schema-graph\">{\"@context\":\"https:\\\/\\\/schema.org\",\"@graph\":[{\"@type\":\"Article\",\"@id\":\"https:\\\/\\\/colchonesaznar.com\\\/blog\\\/colchones-aznar-sigue-creciendo-para-ti\\\/#article\",\"isPartOf\":{\"@id\":\"https:\\\/\\\/colchonesaznar.com\\\/blog\\\/colchones-aznar-sigue-creciendo-para-ti\\\/\"},\"author\":{\"name\":\"Experto\",\"@id\":\"https:\\\/\\\/colchonesaznar.com\\\/blog\\\/#\\\/schema\\\/person\\\/9c082b62743326738763277031fec1ff\"},\"headline\":\"Colchones Aznar sigue creciendo para ti.\",\"datePublished\":\"2011-09-21T16:33:40+00:00\",\"dateModified\":\"2024-05-31T08:52:44+00:00\",\"mainEntityOfPage\":{\"@id\":\"https:\\\/\\\/colchonesaznar.com\\\/blog\\\/colchones-aznar-sigue-creciendo-para-ti\\\/\"},\"wordCount\":116,\"commentCount\":0,\"publisher\":{\"@id\":\"https:\\\/\\\/colchonesaznar.com\\\/blog\\\/#organization\"},\"image\":{\"@id\":\"https:\\\/\\\/colchonesaznar.com\\\/blog\\\/colchones-aznar-sigue-creciendo-para-ti\\\/#primaryimage\"},\"thumbnailUrl\":\"https:\\\/\\\/colchonesaznar.com\\\/blog\\\/wp-content\\\/uploads\\\/2011\\\/09\\\/colchones-rebajas.png\",\"keywords\":[\"colchones aznar\",\"descanso\",\"tienda de colchones\",\"Tiendas Colchones Aznar\"],\"articleSection\":[\"Novedades y Noticias\"],\"inLanguage\":\"es\",\"potentialAction\":[{\"@type\":\"CommentAction\",\"name\":\"Comment\",\"target\":[\"https:\\\/\\\/colchonesaznar.com\\\/blog\\\/colchones-aznar-sigue-creciendo-para-ti\\\/#respond\"]}]},{\"@type\":\"WebPage\",\"@id\":\"https:\\\/\\\/colchonesaznar.com\\\/blog\\\/colchones-aznar-sigue-creciendo-para-ti\\\/\",\"url\":\"https:\\\/\\\/colchonesaznar.com\\\/blog\\\/colchones-aznar-sigue-creciendo-para-ti\\\/\",\"name\":\"Colchones Aznar sigue creciendo, nueva tienda en Alca\u00f1iz.\",\"isPartOf\":{\"@id\":\"https:\\\/\\\/colchonesaznar.com\\\/blog\\\/#website\"},\"primaryImageOfPage\":{\"@id\":\"https:\\\/\\\/colchonesaznar.com\\\/blog\\\/colchones-aznar-sigue-creciendo-para-ti\\\/#primaryimage\"},\"image\":{\"@id\":\"https:\\\/\\\/colchonesaznar.com\\\/blog\\\/colchones-aznar-sigue-creciendo-para-ti\\\/#primaryimage\"},\"thumbnailUrl\":\"https:\\\/\\\/colchonesaznar.com\\\/blog\\\/wp-content\\\/uploads\\\/2011\\\/09\\\/colchones-rebajas.png\",\"datePublished\":\"2011-09-21T16:33:40+00:00\",\"dateModified\":\"2024-05-31T08:52:44+00:00\",\"description\":\"Colchones Aznar sigue creciendo, una vez m\u00e1s ampliamos nuestro n\u00famero de tiendas de Colchones en Arag\u00f3n, Ahora toca tienda de colchones en Alca\u00f1iz.\",\"breadcrumb\":{\"@id\":\"https:\\\/\\\/colchonesaznar.com\\\/blog\\\/colchones-aznar-sigue-creciendo-para-ti\\\/#breadcrumb\"},\"inLanguage\":\"es\",\"potentialAction\":[{\"@type\":\"ReadAction\",\"target\":[\"https:\\\/\\\/colchonesaznar.com\\\/blog\\\/colchones-aznar-sigue-creciendo-para-ti\\\/\"]}]},{\"@type\":\"ImageObject\",\"inLanguage\":\"es\",\"@id\":\"https:\\\/\\\/colchonesaznar.com\\\/blog\\\/colchones-aznar-sigue-creciendo-para-ti\\\/#primaryimage\",\"url\":\"https:\\\/\\\/colchonesaznar.com\\\/blog\\\/wp-content\\\/uploads\\\/2011\\\/09\\\/colchones-rebajas.png\",\"contentUrl\":\"https:\\\/\\\/colchonesaznar.com\\\/blog\\\/wp-content\\\/uploads\\\/2011\\\/09\\\/colchones-rebajas.png\",\"width\":768,\"height\":428,\"caption\":\"colchones aznar sigue creciendo\"},{\"@type\":\"BreadcrumbList\",\"@id\":\"https:\\\/\\\/colchonesaznar.com\\\/blog\\\/colchones-aznar-sigue-creciendo-para-ti\\\/#breadcrumb\",\"itemListElement\":[{\"@type\":\"ListItem\",\"position\":1,\"name\":\"Home\",\"item\":\"https:\\\/\\\/colchonesaznar.com\\\/blog\\\/\"},{\"@type\":\"ListItem\",\"position\":2,\"name\":\"Colchones Aznar sigue creciendo para ti.\"}]},{\"@type\":\"WebSite\",\"@id\":\"https:\\\/\\\/colchonesaznar.com\\\/blog\\\/#website\",\"url\":\"https:\\\/\\\/colchonesaznar.com\\\/blog\\\/\",\"name\":\"Colchones Aznar - Blog\",\"description\":\"ColchonesAznar\",\"publisher\":{\"@id\":\"https:\\\/\\\/colchonesaznar.com\\\/blog\\\/#organization\"},\"potentialAction\":[{\"@type\":\"SearchAction\",\"target\":{\"@type\":\"EntryPoint\",\"urlTemplate\":\"https:\\\/\\\/colchonesaznar.com\\\/blog\\\/?s={search_term_string}\"},\"query-input\":{\"@type\":\"PropertyValueSpecification\",\"valueRequired\":true,\"valueName\":\"search_term_string\"}}],\"inLanguage\":\"es\"},{\"@type\":\"Organization\",\"@id\":\"https:\\\/\\\/colchonesaznar.com\\\/blog\\\/#organization\",\"name\":\"Colchones Aznar\",\"url\":\"https:\\\/\\\/colchonesaznar.com\\\/blog\\\/\",\"logo\":{\"@type\":\"ImageObject\",\"inLanguage\":\"es\",\"@id\":\"https:\\\/\\\/colchonesaznar.com\\\/blog\\\/#\\\/schema\\\/logo\\\/image\\\/\",\"url\":\"https:\\\/\\\/colchonesaznar.com\\\/blog\\\/wp-content\\\/uploads\\\/2019\\\/04\\\/opiniones-colchones.jpg\",\"contentUrl\":\"https:\\\/\\\/colchonesaznar.com\\\/blog\\\/wp-content\\\/uploads\\\/2019\\\/04\\\/opiniones-colchones.jpg\",\"width\":1419,\"height\":1419,\"caption\":\"Colchones Aznar\"},\"image\":{\"@id\":\"https:\\\/\\\/colchonesaznar.com\\\/blog\\\/#\\\/schema\\\/logo\\\/image\\\/\"},\"sameAs\":[\"https:\\\/\\\/www.facebook.com\\\/ColchonesAznar\\\/\",\"https:\\\/\\\/x.com\\\/colchonesaznar\",\"https:\\\/\\\/www.instagram.com\\\/aznarcolchones\\\/?hl=es\"]},{\"@type\":\"Person\",\"@id\":\"https:\\\/\\\/colchonesaznar.com\\\/blog\\\/#\\\/schema\\\/person\\\/9c082b62743326738763277031fec1ff\",\"name\":\"Experto\",\"image\":{\"@type\":\"ImageObject\",\"inLanguage\":\"es\",\"@id\":\"https:\\\/\\\/secure.gravatar.com\\\/avatar\\\/4e247aaf28da6d4140c419f96046c8f1c4168f2064235099605898886bb4b57e?s=96&d=mm&r=g\",\"url\":\"https:\\\/\\\/secure.gravatar.com\\\/avatar\\\/4e247aaf28da6d4140c419f96046c8f1c4168f2064235099605898886bb4b57e?s=96&d=mm&r=g\",\"contentUrl\":\"https:\\\/\\\/secure.gravatar.com\\\/avatar\\\/4e247aaf28da6d4140c419f96046c8f1c4168f2064235099605898886bb4b57e?s=96&d=mm&r=g\",\"caption\":\"Experto\"},\"sameAs\":[\"https:\\\/\\\/es.linkedin.com\\\/in\\\/manuel-monreal-97913744\"],\"url\":\"https:\\\/\\\/colchonesaznar.com\\\/blog\\\/author\\\/manuel\\\/\"}]}<\/script>\n<!-- \/ Yoast SEO plugin. -->","yoast_head_json":{"title":"Colchones Aznar sigue creciendo, nueva tienda en Alca\u00f1iz.","description":"Colchones Aznar sigue creciendo, una vez m\u00e1s ampliamos nuestro n\u00famero de tiendas de Colchones en Arag\u00f3n, Ahora toca tienda de colchones en Alca\u00f1iz.","robots":{"index":"index","follow":"follow","max-snippet":"max-snippet:-1","max-image-preview":"max-image-preview:large","max-video-preview":"max-video-preview:-1"},"canonical":"https:\/\/colchonesaznar.com\/blog\/colchones-aznar-sigue-creciendo-para-ti\/","og_locale":"es_ES","og_type":"article","og_title":"Colchones Aznar sigue creciendo, nueva tienda en Alca\u00f1iz.","og_description":"Colchones Aznar sigue creciendo, una vez m\u00e1s ampliamos nuestro n\u00famero de tiendas de Colchones en Arag\u00f3n, Ahora toca tienda de colchones en Alca\u00f1iz.","og_url":"https:\/\/colchonesaznar.com\/blog\/colchones-aznar-sigue-creciendo-para-ti\/","og_site_name":"ColchonesAznar - Blog","article_publisher":"https:\/\/www.facebook.com\/ColchonesAznar\/","article_published_time":"2011-09-21T16:33:40+00:00","article_modified_time":"2024-05-31T08:52:44+00:00","og_image":[{"width":768,"height":428,"url":"https:\/\/colchonesaznar.com\/blog\/wp-content\/uploads\/2011\/09\/colchones-rebajas.png","type":"image\/png"}],"author":"Experto","twitter_card":"summary_large_image","twitter_creator":"@colchonesaznar","twitter_site":"@colchonesaznar","twitter_misc":{"Escrito por":"Experto","Tiempo de lectura":"2 minutos"},"schema":{"@context":"https:\/\/schema.org","@graph":[{"@type":"Article","@id":"https:\/\/colchonesaznar.com\/blog\/colchones-aznar-sigue-creciendo-para-ti\/#article","isPartOf":{"@id":"https:\/\/colchonesaznar.com\/blog\/colchones-aznar-sigue-creciendo-para-ti\/"},"author":{"name":"Experto","@id":"https:\/\/colchonesaznar.com\/blog\/#\/schema\/person\/9c082b62743326738763277031fec1ff"},"headline":"Colchones Aznar sigue creciendo para ti.","datePublished":"2011-09-21T16:33:40+00:00","dateModified":"2024-05-31T08:52:44+00:00","mainEntityOfPage":{"@id":"https:\/\/colchonesaznar.com\/blog\/colchones-aznar-sigue-creciendo-para-ti\/"},"wordCount":116,"commentCount":0,"publisher":{"@id":"https:\/\/colchonesaznar.com\/blog\/#organization"},"image":{"@id":"https:\/\/colchonesaznar.com\/blog\/colchones-aznar-sigue-creciendo-para-ti\/#primaryimage"},"thumbnailUrl":"https:\/\/colchonesaznar.com\/blog\/wp-content\/uploads\/2011\/09\/colchones-rebajas.png","keywords":["colchones aznar","descanso","tienda de colchones","Tiendas Colchones Aznar"],"articleSection":["Novedades y Noticias"],"inLanguage":"es","potentialAction":[{"@type":"CommentAction","name":"Comment","target":["https:\/\/colchonesaznar.com\/blog\/colchones-aznar-sigue-creciendo-para-ti\/#respond"]}]},{"@type":"WebPage","@id":"https:\/\/colchonesaznar.com\/blog\/colchones-aznar-sigue-creciendo-para-ti\/","url":"https:\/\/colchonesaznar.com\/blog\/colchones-aznar-sigue-creciendo-para-ti\/","name":"Colchones Aznar sigue creciendo, nueva tienda en Alca\u00f1iz.","isPartOf":{"@id":"https:\/\/colchonesaznar.com\/blog\/#website"},"primaryImageOfPage":{"@id":"https:\/\/colchonesaznar.com\/blog\/colchones-aznar-sigue-creciendo-para-ti\/#primaryimage"},"image":{"@id":"https:\/\/colchonesaznar.com\/blog\/colchones-aznar-sigue-creciendo-para-ti\/#primaryimage"},"thumbnailUrl":"https:\/\/colchonesaznar.com\/blog\/wp-content\/uploads\/2011\/09\/colchones-rebajas.png","datePublished":"2011-09-21T16:33:40+00:00","dateModified":"2024-05-31T08:52:44+00:00","description":"Colchones Aznar sigue creciendo, una vez m\u00e1s ampliamos nuestro n\u00famero de tiendas de Colchones en Arag\u00f3n, Ahora toca tienda de colchones en Alca\u00f1iz.","breadcrumb":{"@id":"https:\/\/colchonesaznar.com\/blog\/colchones-aznar-sigue-creciendo-para-ti\/#breadcrumb"},"inLanguage":"es","potentialAction":[{"@type":"ReadAction","target":["https:\/\/colchonesaznar.com\/blog\/colchones-aznar-sigue-creciendo-para-ti\/"]}]},{"@type":"ImageObject","inLanguage":"es","@id":"https:\/\/colchonesaznar.com\/blog\/colchones-aznar-sigue-creciendo-para-ti\/#primaryimage","url":"https:\/\/colchonesaznar.com\/blog\/wp-content\/uploads\/2011\/09\/colchones-rebajas.png","contentUrl":"https:\/\/colchonesaznar.com\/blog\/wp-content\/uploads\/2011\/09\/colchones-rebajas.png","width":768,"height":428,"caption":"colchones aznar sigue creciendo"},{"@type":"BreadcrumbList","@id":"https:\/\/colchonesaznar.com\/blog\/colchones-aznar-sigue-creciendo-para-ti\/#breadcrumb","itemListElement":[{"@type":"ListItem","position":1,"name":"Home","item":"https:\/\/colchonesaznar.com\/blog\/"},{"@type":"ListItem","position":2,"name":"Colchones Aznar sigue creciendo para ti."}]},{"@type":"WebSite","@id":"https:\/\/colchonesaznar.com\/blog\/#website","url":"https:\/\/colchonesaznar.com\/blog\/","name":"Colchones Aznar - Blog","description":"ColchonesAznar","publisher":{"@id":"https:\/\/colchonesaznar.com\/blog\/#organization"},"potentialAction":[{"@type":"SearchAction","target":{"@type":"EntryPoint","urlTemplate":"https:\/\/colchonesaznar.com\/blog\/?s={search_term_string}"},"query-input":{"@type":"PropertyValueSpecification","valueRequired":true,"valueName":"search_term_string"}}],"inLanguage":"es"},{"@type":"Organization","@id":"https:\/\/colchonesaznar.com\/blog\/#organization","name":"Colchones Aznar","url":"https:\/\/colchonesaznar.com\/blog\/","logo":{"@type":"ImageObject","inLanguage":"es","@id":"https:\/\/colchonesaznar.com\/blog\/#\/schema\/logo\/image\/","url":"https:\/\/colchonesaznar.com\/blog\/wp-content\/uploads\/2019\/04\/opiniones-colchones.jpg","contentUrl":"https:\/\/colchonesaznar.com\/blog\/wp-content\/uploads\/2019\/04\/opiniones-colchones.jpg","width":1419,"height":1419,"caption":"Colchones Aznar"},"image":{"@id":"https:\/\/colchonesaznar.com\/blog\/#\/schema\/logo\/image\/"},"sameAs":["https:\/\/www.facebook.com\/ColchonesAznar\/","https:\/\/x.com\/colchonesaznar","https:\/\/www.instagram.com\/aznarcolchones\/?hl=es"]},{"@type":"Person","@id":"https:\/\/colchonesaznar.com\/blog\/#\/schema\/person\/9c082b62743326738763277031fec1ff","name":"Experto","image":{"@type":"ImageObject","inLanguage":"es","@id":"https:\/\/secure.gravatar.com\/avatar\/4e247aaf28da6d4140c419f96046c8f1c4168f2064235099605898886bb4b57e?s=96&d=mm&r=g","url":"https:\/\/secure.gravatar.com\/avatar\/4e247aaf28da6d4140c419f96046c8f1c4168f2064235099605898886bb4b57e?s=96&d=mm&r=g","contentUrl":"https:\/\/secure.gravatar.com\/avatar\/4e247aaf28da6d4140c419f96046c8f1c4168f2064235099605898886bb4b57e?s=96&d=mm&r=g","caption":"Experto"},"sameAs":["https:\/\/es.linkedin.com\/in\/manuel-monreal-97913744"],"url":"https:\/\/colchonesaznar.com\/blog\/author\/manuel\/"}]}},"_links":{"self":[{"href":"https:\/\/colchonesaznar.com\/blog\/wp-json\/wp\/v2\/posts\/668","targetHints":{"allow":["GET"]}}],"collection":[{"href":"https:\/\/colchonesaznar.com\/blog\/wp-json\/wp\/v2\/posts"}],"about":[{"href":"https:\/\/colchonesaznar.com\/blog\/wp-json\/wp\/v2\/types\/post"}],"author":[{"embeddable":true,"href":"https:\/\/colchonesaznar.com\/blog\/wp-json\/wp\/v2\/users\/7"}],"replies":[{"embeddable":true,"href":"https:\/\/colchonesaznar.com\/blog\/wp-json\/wp\/v2\/comments?post=668"}],"version-history":[{"count":3,"href":"https:\/\/colchonesaznar.com\/blog\/wp-json\/wp\/v2\/posts\/668\/revisions"}],"predecessor-version":[{"id":15392,"href":"https:\/\/colchonesaznar.com\/blog\/wp-json\/wp\/v2\/posts\/668\/revisions\/15392"}],"wp:featuredmedia":[{"embeddable":true,"href":"https:\/\/colchonesaznar.com\/blog\/wp-json\/wp\/v2\/media\/6315"}],"wp:attachment":[{"href":"https:\/\/colchonesaznar.com\/blog\/wp-json\/wp\/v2\/media?parent=668"}],"wp:term":[{"taxonomy":"category","embeddable":true,"href":"https:\/\/colchonesaznar.com\/blog\/wp-json\/wp\/v2\/categories?post=668"},{"taxonomy":"post_tag","embeddable":true,"href":"https:\/\/colchonesaznar.com\/blog\/wp-json\/wp\/v2\/tags?post=668"}],"curies":[{"name":"wp","href":"https:\/\/api.w.org\/{rel}","templated":true}]}}