{"id":6719,"date":"2017-03-28T08:30:52","date_gmt":"2017-03-28T08:30:52","guid":{"rendered":"https:\/\/colchonesaznar.com\/blog\/?p=6719"},"modified":"2023-02-17T09:54:52","modified_gmt":"2023-02-17T09:54:52","slug":"no-dejes-sonar","status":"publish","type":"post","link":"https:\/\/colchonesaznar.com\/blog\/no-dejes-sonar\/","title":{"rendered":"NO DEJES DE SO\u00d1AR"},"content":{"rendered":"<p>Tanto si eres de los que recuerdan lo que sue\u00f1an como los que no, <strong>no dejes de so\u00f1ar<\/strong>. La interpretaci\u00f3n de los sue\u00f1os sigue siendo una de las inc\u00f3gnitas sin resolver por los expertos en la materia.<\/p>\n<h1 style=\"text-align: center;\"><span style=\"color: #339966;\"><span style=\"color: #ff0000;\">\u2665<\/span>\u00bfQu\u00e9 has so\u00f1ado hoy?<span style=\"color: #ff0000;\">\u2665<\/span><\/span><\/h1>\n<p>Puede que seas de ese porcentaje de personas que <strong>recuerda casi a diario lo que sue\u00f1a<\/strong>, o por el contrario, seas de los que casi nunca lo recuerda.<\/p>\n<p>Para la ciencia continua siendo un misterio conocer la raz\u00f3n por la que so\u00f1amos. Lo que si esta claro es que <strong>hay personas que recuerdan los sue\u00f1os y otras que no.<\/strong><\/p>\n<h3 style=\"text-align: center;\"><span style=\"color: #339966;\">Pero\u2026 \u00bfPor qu\u00e9 ocurre este fen\u00f3meno?<\/span><\/h3>\n<p>Tras varias investigaciones se ha llegado a la conclusi\u00f3n de que el <strong>centro de procesamiento de informaci\u00f3n en el cerebro<\/strong>, es mucho m\u00e1s activo en las personas que recuerdan los sue\u00f1os.<\/p>\n<p><strong>Las personas que recuerdan lo que han so\u00f1ado<\/strong>, quedan predispuestas a los est\u00edmulos auditivos del sue\u00f1o, que pueden provocar peque\u00f1os despertares durante la noche y favorecer as\u00ed la codificaci\u00f3n de esas fantas\u00edas en la memoria.<\/p>\n<h1 style=\"text-align: center;\">Recuerdes o no los sue\u00f1os, \u00a1N<strong>o dejes de so\u00f1ar!<\/strong><\/h1>\n<p style=\"text-align: center;\"><a href=\"https:\/\/colchonesaznar.com\/blog\/wp-content\/uploads\/2017\/03\/recuerda-no-dejes-de-so\u00f1ar.jpeg\" rel=\"attachment wp-att-6723\"><img loading=\"lazy\" decoding=\"async\" class=\"aligncenter wp-image-6723 size-large\" src=\"https:\/\/colchonesaznar.com\/blog\/wp-content\/uploads\/2017\/03\/recuerda-no-dejes-de-so\u00f1ar-1024x678.jpeg\" alt=\"recuerda no dejes de so\u00f1ar\" width=\"669\" height=\"443\" srcset=\"https:\/\/colchonesaznar.com\/blog\/wp-content\/uploads\/2017\/03\/recuerda-no-dejes-de-so\u00f1ar-1024x678.jpeg 1024w, https:\/\/colchonesaznar.com\/blog\/wp-content\/uploads\/2017\/03\/recuerda-no-dejes-de-so\u00f1ar-300x199.jpeg 300w, https:\/\/colchonesaznar.com\/blog\/wp-content\/uploads\/2017\/03\/recuerda-no-dejes-de-so\u00f1ar-768x509.jpeg 768w, https:\/\/colchonesaznar.com\/blog\/wp-content\/uploads\/2017\/03\/recuerda-no-dejes-de-so\u00f1ar.jpeg 1280w\" sizes=\"auto, (max-width: 669px) 100vw, 669px\" \/><\/a><\/p>\n<h2 style=\"text-align: center;\"><span style=\"color: #339966;\">\u00bfCU\u00c1NDO SE FORMAN LOS SUE\u00d1OS?<\/span><\/h2>\n<p><strong>Todas las personas que no padezcan ning\u00fan trastorno del sue\u00f1o, sue\u00f1an cada noche<\/strong>, pero no todas recuerdan lo que sue\u00f1an.<\/p>\n<p>Los sue\u00f1os se forman durante la <strong>Fase REM<\/strong>. Esta fase dura unos 90 minutos, por lo que se reproduce unas 3 o 4 veces cada noche; y se alarga a medida que alargamos el descanso.<\/p>\n<h2 style=\"text-align: center;\">\u00bfPero, por qu\u00e9 no siempre recuerdo lo que he so\u00f1ado?<\/h2>\n<blockquote>\n<p style=\"text-align: center;\"><em><span style=\"color: #339966;\"><strong>Alrededor de un 95% de los sue\u00f1os, se olvidan al poco de despertarnos.<\/strong><\/span><\/em><\/p>\n<\/blockquote>\n<p>La capacidad de <strong>recordar lo que hemos so\u00f1ado<\/strong>, depende del momento en el que nos despertemos.<\/p>\n<p>Si nos despertamos en plena <strong>Fase REM<\/strong> recordaremos con mayor facilidad nuestros sue\u00f1os, sin embargo, cuanto m\u00e1s alejados estemos de esta fase, menor ser\u00e1 el recuerdo.<\/p>\n<p><a href=\"https:\/\/colchonesaznar.com\/blog\/wp-content\/uploads\/2017\/03\/recordar-los-sue\u00f1os.jpeg\" rel=\"attachment wp-att-6724\"><img loading=\"lazy\" decoding=\"async\" class=\"aligncenter wp-image-6724 size-large\" src=\"https:\/\/colchonesaznar.com\/blog\/wp-content\/uploads\/2017\/03\/recordar-los-sue\u00f1os-1024x683.jpeg\" alt=\"recordar los sue\u00f1os\" width=\"669\" height=\"446\" srcset=\"https:\/\/colchonesaznar.com\/blog\/wp-content\/uploads\/2017\/03\/recordar-los-sue\u00f1os-1024x683.jpeg 1024w, https:\/\/colchonesaznar.com\/blog\/wp-content\/uploads\/2017\/03\/recordar-los-sue\u00f1os-300x200.jpeg 300w, https:\/\/colchonesaznar.com\/blog\/wp-content\/uploads\/2017\/03\/recordar-los-sue\u00f1os-768x512.jpeg 768w, https:\/\/colchonesaznar.com\/blog\/wp-content\/uploads\/2017\/03\/recordar-los-sue\u00f1os.jpeg 1280w\" sizes=\"auto, (max-width: 669px) 100vw, 669px\" \/><\/a><\/p>\n<h2 style=\"text-align: center;\"><span style=\"color: #339966;\">\u00bfCU\u00c1L ES LA FUNCI\u00d3N DE LOS SUE\u00d1OS?<\/span><\/h2>\n<p>Esta cuesti\u00f3n ha sido siempre uno de los interrogantes presentes en las <strong>investigaciones acerca del sue\u00f1o<\/strong>.<\/p>\n<p>Son varias las interpretaciones que se han hecho para resolver esta duda, pero ninguna de ellas ha conformado a todos por igual.<\/p>\n<ul>\n<li>Algunas sociedades primitivas, creen que los sue\u00f1os son el medio mediante el cual se puede tener <strong>contacto con los esp\u00edritus.<\/strong><\/li>\n<\/ul>\n<ul>\n<li>Otros creen que en los sue\u00f1os se reflejan los <strong>miedos y traumas<\/strong> a los que no nos enfrentamos de manera consciente cuando estamos despiertos.<\/li>\n<\/ul>\n<ul>\n<li>Otra postura reciente, afirma que la funci\u00f3n real de so\u00f1ar, es <strong>resolver problemas<\/strong>.<\/li>\n<\/ul>\n<p>La <strong>psicolog\u00eda Deirdre Barret<\/strong> expone que los sue\u00f1os son siempre muy visuales pero de naturaleza il\u00f3gica. Estos sue\u00f1os son una forma de encarar los problemas a los que debemos enfrentarnos en la vida real.<\/p>\n<p>Tantos si <strong>recuerdas lo que sue\u00f1as<\/strong>, como si no es as\u00ed, es importante que lo hagas en un buen colch\u00f3n para que tus sue\u00f1as no se conviertan en pesadillas.<\/p>\n<p>En <strong>Colchones Aznar<\/strong> queremos velar por tus sue\u00f1os, y proporcionarte siempre un descanso \u00f3ptimo. Aprovecha <strong>las Ofertas en Colchones del mes de Marzo,<\/strong> y sobre todo no dejes de so\u00f1ar.<\/p>\n<p style=\"text-align: center;\"><em><span style=\"color: #339966;\">\u00bfQuieres dormir toda la noche? \u00bfTu viejo colch\u00f3n te provoca pesadillas? <\/span><\/em><\/p>\n<p style=\"text-align: center;\">Cu\u00e9ntanos que necesitas. <strong><a href=\"https:\/\/colchonesaznar.com\/es\/contactenos\" target=\"_blank\" rel=\"noopener noreferrer\">\u00a1Queremos ayudarte!<\/a><\/strong><\/p>\n","protected":false},"excerpt":{"rendered":"<p>Tanto si eres de los que recuerdan lo que sue\u00f1an como los que no, no dejes de so\u00f1ar. La interpretaci\u00f3n de los sue\u00f1os sigue siendo una de las inc\u00f3gnitas sin resolver por los expertos en la materia. \u2665\u00bfQu\u00e9 has so\u00f1ado hoy?\u2665 Puede que seas de ese porcentaje de personas que recuerda casi a diario lo [&hellip;]<\/p>\n","protected":false},"author":7,"featured_media":6721,"comment_status":"open","ping_status":"open","sticky":false,"template":"","format":"standard","meta":{"footnotes":""},"categories":[8],"tags":[125,192,194,210,392],"class_list":["post-6719","post","type-post","status-publish","format-standard","has-post-thumbnail","hentry","category-salud-descanso","tag-colchones-aznar","tag-consejos","tag-consejos-descanso","tag-descanso","tag-salud"],"yoast_head":"<!-- This site is optimized with the Yoast SEO plugin v27.9 - https:\/\/yoast.com\/product\/yoast-seo-wordpress\/ -->\n<title>No dejes de so\u00f1ar, sabes que so\u00f1amos todos los d\u00edas.<\/title>\n<meta name=\"description\" content=\"No dejes de so\u00f1ar, cada d\u00eda cuando dormimos, tenemos sue\u00f1os. A veces nos acordamos y muchas veces no. Vete a la cama con el objetivo de descansar.\" \/>\n<meta name=\"robots\" content=\"index, follow, max-snippet:-1, max-image-preview:large, max-video-preview:-1\" \/>\n<link rel=\"canonical\" href=\"https:\/\/colchonesaznar.com\/blog\/no-dejes-sonar\/\" \/>\n<meta property=\"og:locale\" content=\"es_ES\" \/>\n<meta property=\"og:type\" content=\"article\" \/>\n<meta property=\"og:title\" content=\"No dejes de so\u00f1ar, sabes que so\u00f1amos todos los d\u00edas.\" \/>\n<meta property=\"og:description\" content=\"No dejes de so\u00f1ar, cada d\u00eda cuando dormimos, tenemos sue\u00f1os. A veces nos acordamos y muchas veces no. Vete a la cama con el objetivo de descansar.\" \/>\n<meta property=\"og:url\" content=\"https:\/\/colchonesaznar.com\/blog\/no-dejes-sonar\/\" \/>\n<meta property=\"og:site_name\" content=\"ColchonesAznar - Blog\" \/>\n<meta property=\"article:publisher\" content=\"https:\/\/www.facebook.com\/ColchonesAznar\/\" \/>\n<meta property=\"article:published_time\" content=\"2017-03-28T08:30:52+00:00\" \/>\n<meta property=\"article:modified_time\" content=\"2023-02-17T09:54:52+00:00\" \/>\n<meta property=\"og:image\" content=\"https:\/\/colchonesaznar.com\/blog\/wp-content\/uploads\/2017\/03\/no-dejes-de-so\u00f1ar.jpg\" \/>\n\t<meta property=\"og:image:width\" content=\"660\" \/>\n\t<meta property=\"og:image:height\" content=\"400\" \/>\n\t<meta property=\"og:image:type\" content=\"image\/jpeg\" \/>\n<meta name=\"author\" content=\"Experto\" \/>\n<meta name=\"twitter:card\" content=\"summary_large_image\" \/>\n<meta name=\"twitter:creator\" content=\"@colchonesaznar\" \/>\n<meta name=\"twitter:site\" content=\"@colchonesaznar\" \/>\n<meta name=\"twitter:label1\" content=\"Escrito por\" \/>\n\t<meta name=\"twitter:data1\" content=\"Experto\" \/>\n\t<meta name=\"twitter:label2\" content=\"Tiempo de lectura\" \/>\n\t<meta name=\"twitter:data2\" content=\"3 minutos\" \/>\n<script type=\"application\/ld+json\" class=\"yoast-schema-graph\">{\"@context\":\"https:\\\/\\\/schema.org\",\"@graph\":[{\"@type\":\"Article\",\"@id\":\"https:\\\/\\\/colchonesaznar.com\\\/blog\\\/no-dejes-sonar\\\/#article\",\"isPartOf\":{\"@id\":\"https:\\\/\\\/colchonesaznar.com\\\/blog\\\/no-dejes-sonar\\\/\"},\"author\":{\"name\":\"Experto\",\"@id\":\"https:\\\/\\\/colchonesaznar.com\\\/blog\\\/#\\\/schema\\\/person\\\/9c082b62743326738763277031fec1ff\"},\"headline\":\"NO DEJES DE SO\u00d1AR\",\"datePublished\":\"2017-03-28T08:30:52+00:00\",\"dateModified\":\"2023-02-17T09:54:52+00:00\",\"mainEntityOfPage\":{\"@id\":\"https:\\\/\\\/colchonesaznar.com\\\/blog\\\/no-dejes-sonar\\\/\"},\"wordCount\":574,\"commentCount\":0,\"publisher\":{\"@id\":\"https:\\\/\\\/colchonesaznar.com\\\/blog\\\/#organization\"},\"image\":{\"@id\":\"https:\\\/\\\/colchonesaznar.com\\\/blog\\\/no-dejes-sonar\\\/#primaryimage\"},\"thumbnailUrl\":\"https:\\\/\\\/colchonesaznar.com\\\/blog\\\/wp-content\\\/uploads\\\/2017\\\/03\\\/no-dejes-de-so\u00f1ar.jpg\",\"keywords\":[\"colchones aznar\",\"Consejos\",\"consejos descanso\",\"descanso\",\"Salud\"],\"articleSection\":[\"Salud y Descanso\"],\"inLanguage\":\"es\",\"potentialAction\":[{\"@type\":\"CommentAction\",\"name\":\"Comment\",\"target\":[\"https:\\\/\\\/colchonesaznar.com\\\/blog\\\/no-dejes-sonar\\\/#respond\"]}]},{\"@type\":\"WebPage\",\"@id\":\"https:\\\/\\\/colchonesaznar.com\\\/blog\\\/no-dejes-sonar\\\/\",\"url\":\"https:\\\/\\\/colchonesaznar.com\\\/blog\\\/no-dejes-sonar\\\/\",\"name\":\"No dejes de so\u00f1ar, sabes que so\u00f1amos todos los d\u00edas.\",\"isPartOf\":{\"@id\":\"https:\\\/\\\/colchonesaznar.com\\\/blog\\\/#website\"},\"primaryImageOfPage\":{\"@id\":\"https:\\\/\\\/colchonesaznar.com\\\/blog\\\/no-dejes-sonar\\\/#primaryimage\"},\"image\":{\"@id\":\"https:\\\/\\\/colchonesaznar.com\\\/blog\\\/no-dejes-sonar\\\/#primaryimage\"},\"thumbnailUrl\":\"https:\\\/\\\/colchonesaznar.com\\\/blog\\\/wp-content\\\/uploads\\\/2017\\\/03\\\/no-dejes-de-so\u00f1ar.jpg\",\"datePublished\":\"2017-03-28T08:30:52+00:00\",\"dateModified\":\"2023-02-17T09:54:52+00:00\",\"description\":\"No dejes de so\u00f1ar, cada d\u00eda cuando dormimos, tenemos sue\u00f1os. A veces nos acordamos y muchas veces no. Vete a la cama con el objetivo de descansar.\",\"breadcrumb\":{\"@id\":\"https:\\\/\\\/colchonesaznar.com\\\/blog\\\/no-dejes-sonar\\\/#breadcrumb\"},\"inLanguage\":\"es\",\"potentialAction\":[{\"@type\":\"ReadAction\",\"target\":[\"https:\\\/\\\/colchonesaznar.com\\\/blog\\\/no-dejes-sonar\\\/\"]}]},{\"@type\":\"ImageObject\",\"inLanguage\":\"es\",\"@id\":\"https:\\\/\\\/colchonesaznar.com\\\/blog\\\/no-dejes-sonar\\\/#primaryimage\",\"url\":\"https:\\\/\\\/colchonesaznar.com\\\/blog\\\/wp-content\\\/uploads\\\/2017\\\/03\\\/no-dejes-de-so\u00f1ar.jpg\",\"contentUrl\":\"https:\\\/\\\/colchonesaznar.com\\\/blog\\\/wp-content\\\/uploads\\\/2017\\\/03\\\/no-dejes-de-so\u00f1ar.jpg\",\"width\":660,\"height\":400,\"caption\":\"no dejes de so\u00f1ar\"},{\"@type\":\"BreadcrumbList\",\"@id\":\"https:\\\/\\\/colchonesaznar.com\\\/blog\\\/no-dejes-sonar\\\/#breadcrumb\",\"itemListElement\":[{\"@type\":\"ListItem\",\"position\":1,\"name\":\"Home\",\"item\":\"https:\\\/\\\/colchonesaznar.com\\\/blog\\\/\"},{\"@type\":\"ListItem\",\"position\":2,\"name\":\"NO DEJES DE SO\u00d1AR\"}]},{\"@type\":\"WebSite\",\"@id\":\"https:\\\/\\\/colchonesaznar.com\\\/blog\\\/#website\",\"url\":\"https:\\\/\\\/colchonesaznar.com\\\/blog\\\/\",\"name\":\"Colchones Aznar - Blog\",\"description\":\"ColchonesAznar\",\"publisher\":{\"@id\":\"https:\\\/\\\/colchonesaznar.com\\\/blog\\\/#organization\"},\"potentialAction\":[{\"@type\":\"SearchAction\",\"target\":{\"@type\":\"EntryPoint\",\"urlTemplate\":\"https:\\\/\\\/colchonesaznar.com\\\/blog\\\/?s={search_term_string}\"},\"query-input\":{\"@type\":\"PropertyValueSpecification\",\"valueRequired\":true,\"valueName\":\"search_term_string\"}}],\"inLanguage\":\"es\"},{\"@type\":\"Organization\",\"@id\":\"https:\\\/\\\/colchonesaznar.com\\\/blog\\\/#organization\",\"name\":\"Colchones Aznar\",\"url\":\"https:\\\/\\\/colchonesaznar.com\\\/blog\\\/\",\"logo\":{\"@type\":\"ImageObject\",\"inLanguage\":\"es\",\"@id\":\"https:\\\/\\\/colchonesaznar.com\\\/blog\\\/#\\\/schema\\\/logo\\\/image\\\/\",\"url\":\"https:\\\/\\\/colchonesaznar.com\\\/blog\\\/wp-content\\\/uploads\\\/2019\\\/04\\\/opiniones-colchones.jpg\",\"contentUrl\":\"https:\\\/\\\/colchonesaznar.com\\\/blog\\\/wp-content\\\/uploads\\\/2019\\\/04\\\/opiniones-colchones.jpg\",\"width\":1419,\"height\":1419,\"caption\":\"Colchones Aznar\"},\"image\":{\"@id\":\"https:\\\/\\\/colchonesaznar.com\\\/blog\\\/#\\\/schema\\\/logo\\\/image\\\/\"},\"sameAs\":[\"https:\\\/\\\/www.facebook.com\\\/ColchonesAznar\\\/\",\"https:\\\/\\\/x.com\\\/colchonesaznar\",\"https:\\\/\\\/www.instagram.com\\\/aznarcolchones\\\/?hl=es\"]},{\"@type\":\"Person\",\"@id\":\"https:\\\/\\\/colchonesaznar.com\\\/blog\\\/#\\\/schema\\\/person\\\/9c082b62743326738763277031fec1ff\",\"name\":\"Experto\",\"image\":{\"@type\":\"ImageObject\",\"inLanguage\":\"es\",\"@id\":\"https:\\\/\\\/secure.gravatar.com\\\/avatar\\\/4e247aaf28da6d4140c419f96046c8f1c4168f2064235099605898886bb4b57e?s=96&d=mm&r=g\",\"url\":\"https:\\\/\\\/secure.gravatar.com\\\/avatar\\\/4e247aaf28da6d4140c419f96046c8f1c4168f2064235099605898886bb4b57e?s=96&d=mm&r=g\",\"contentUrl\":\"https:\\\/\\\/secure.gravatar.com\\\/avatar\\\/4e247aaf28da6d4140c419f96046c8f1c4168f2064235099605898886bb4b57e?s=96&d=mm&r=g\",\"caption\":\"Experto\"},\"sameAs\":[\"https:\\\/\\\/es.linkedin.com\\\/in\\\/manuel-monreal-97913744\"],\"url\":\"https:\\\/\\\/colchonesaznar.com\\\/blog\\\/author\\\/manuel\\\/\"}]}<\/script>\n<!-- \/ Yoast SEO plugin. -->","yoast_head_json":{"title":"No dejes de so\u00f1ar, sabes que so\u00f1amos todos los d\u00edas.","description":"No dejes de so\u00f1ar, cada d\u00eda cuando dormimos, tenemos sue\u00f1os. A veces nos acordamos y muchas veces no. Vete a la cama con el objetivo de descansar.","robots":{"index":"index","follow":"follow","max-snippet":"max-snippet:-1","max-image-preview":"max-image-preview:large","max-video-preview":"max-video-preview:-1"},"canonical":"https:\/\/colchonesaznar.com\/blog\/no-dejes-sonar\/","og_locale":"es_ES","og_type":"article","og_title":"No dejes de so\u00f1ar, sabes que so\u00f1amos todos los d\u00edas.","og_description":"No dejes de so\u00f1ar, cada d\u00eda cuando dormimos, tenemos sue\u00f1os. A veces nos acordamos y muchas veces no. Vete a la cama con el objetivo de descansar.","og_url":"https:\/\/colchonesaznar.com\/blog\/no-dejes-sonar\/","og_site_name":"ColchonesAznar - Blog","article_publisher":"https:\/\/www.facebook.com\/ColchonesAznar\/","article_published_time":"2017-03-28T08:30:52+00:00","article_modified_time":"2023-02-17T09:54:52+00:00","og_image":[{"width":660,"height":400,"url":"https:\/\/colchonesaznar.com\/blog\/wp-content\/uploads\/2017\/03\/no-dejes-de-so\u00f1ar.jpg","type":"image\/jpeg"}],"author":"Experto","twitter_card":"summary_large_image","twitter_creator":"@colchonesaznar","twitter_site":"@colchonesaznar","twitter_misc":{"Escrito por":"Experto","Tiempo de lectura":"3 minutos"},"schema":{"@context":"https:\/\/schema.org","@graph":[{"@type":"Article","@id":"https:\/\/colchonesaznar.com\/blog\/no-dejes-sonar\/#article","isPartOf":{"@id":"https:\/\/colchonesaznar.com\/blog\/no-dejes-sonar\/"},"author":{"name":"Experto","@id":"https:\/\/colchonesaznar.com\/blog\/#\/schema\/person\/9c082b62743326738763277031fec1ff"},"headline":"NO DEJES DE SO\u00d1AR","datePublished":"2017-03-28T08:30:52+00:00","dateModified":"2023-02-17T09:54:52+00:00","mainEntityOfPage":{"@id":"https:\/\/colchonesaznar.com\/blog\/no-dejes-sonar\/"},"wordCount":574,"commentCount":0,"publisher":{"@id":"https:\/\/colchonesaznar.com\/blog\/#organization"},"image":{"@id":"https:\/\/colchonesaznar.com\/blog\/no-dejes-sonar\/#primaryimage"},"thumbnailUrl":"https:\/\/colchonesaznar.com\/blog\/wp-content\/uploads\/2017\/03\/no-dejes-de-so\u00f1ar.jpg","keywords":["colchones aznar","Consejos","consejos descanso","descanso","Salud"],"articleSection":["Salud y Descanso"],"inLanguage":"es","potentialAction":[{"@type":"CommentAction","name":"Comment","target":["https:\/\/colchonesaznar.com\/blog\/no-dejes-sonar\/#respond"]}]},{"@type":"WebPage","@id":"https:\/\/colchonesaznar.com\/blog\/no-dejes-sonar\/","url":"https:\/\/colchonesaznar.com\/blog\/no-dejes-sonar\/","name":"No dejes de so\u00f1ar, sabes que so\u00f1amos todos los d\u00edas.","isPartOf":{"@id":"https:\/\/colchonesaznar.com\/blog\/#website"},"primaryImageOfPage":{"@id":"https:\/\/colchonesaznar.com\/blog\/no-dejes-sonar\/#primaryimage"},"image":{"@id":"https:\/\/colchonesaznar.com\/blog\/no-dejes-sonar\/#primaryimage"},"thumbnailUrl":"https:\/\/colchonesaznar.com\/blog\/wp-content\/uploads\/2017\/03\/no-dejes-de-so\u00f1ar.jpg","datePublished":"2017-03-28T08:30:52+00:00","dateModified":"2023-02-17T09:54:52+00:00","description":"No dejes de so\u00f1ar, cada d\u00eda cuando dormimos, tenemos sue\u00f1os. A veces nos acordamos y muchas veces no. Vete a la cama con el objetivo de descansar.","breadcrumb":{"@id":"https:\/\/colchonesaznar.com\/blog\/no-dejes-sonar\/#breadcrumb"},"inLanguage":"es","potentialAction":[{"@type":"ReadAction","target":["https:\/\/colchonesaznar.com\/blog\/no-dejes-sonar\/"]}]},{"@type":"ImageObject","inLanguage":"es","@id":"https:\/\/colchonesaznar.com\/blog\/no-dejes-sonar\/#primaryimage","url":"https:\/\/colchonesaznar.com\/blog\/wp-content\/uploads\/2017\/03\/no-dejes-de-so\u00f1ar.jpg","contentUrl":"https:\/\/colchonesaznar.com\/blog\/wp-content\/uploads\/2017\/03\/no-dejes-de-so\u00f1ar.jpg","width":660,"height":400,"caption":"no dejes de so\u00f1ar"},{"@type":"BreadcrumbList","@id":"https:\/\/colchonesaznar.com\/blog\/no-dejes-sonar\/#breadcrumb","itemListElement":[{"@type":"ListItem","position":1,"name":"Home","item":"https:\/\/colchonesaznar.com\/blog\/"},{"@type":"ListItem","position":2,"name":"NO DEJES DE SO\u00d1AR"}]},{"@type":"WebSite","@id":"https:\/\/colchonesaznar.com\/blog\/#website","url":"https:\/\/colchonesaznar.com\/blog\/","name":"Colchones Aznar - Blog","description":"ColchonesAznar","publisher":{"@id":"https:\/\/colchonesaznar.com\/blog\/#organization"},"potentialAction":[{"@type":"SearchAction","target":{"@type":"EntryPoint","urlTemplate":"https:\/\/colchonesaznar.com\/blog\/?s={search_term_string}"},"query-input":{"@type":"PropertyValueSpecification","valueRequired":true,"valueName":"search_term_string"}}],"inLanguage":"es"},{"@type":"Organization","@id":"https:\/\/colchonesaznar.com\/blog\/#organization","name":"Colchones Aznar","url":"https:\/\/colchonesaznar.com\/blog\/","logo":{"@type":"ImageObject","inLanguage":"es","@id":"https:\/\/colchonesaznar.com\/blog\/#\/schema\/logo\/image\/","url":"https:\/\/colchonesaznar.com\/blog\/wp-content\/uploads\/2019\/04\/opiniones-colchones.jpg","contentUrl":"https:\/\/colchonesaznar.com\/blog\/wp-content\/uploads\/2019\/04\/opiniones-colchones.jpg","width":1419,"height":1419,"caption":"Colchones Aznar"},"image":{"@id":"https:\/\/colchonesaznar.com\/blog\/#\/schema\/logo\/image\/"},"sameAs":["https:\/\/www.facebook.com\/ColchonesAznar\/","https:\/\/x.com\/colchonesaznar","https:\/\/www.instagram.com\/aznarcolchones\/?hl=es"]},{"@type":"Person","@id":"https:\/\/colchonesaznar.com\/blog\/#\/schema\/person\/9c082b62743326738763277031fec1ff","name":"Experto","image":{"@type":"ImageObject","inLanguage":"es","@id":"https:\/\/secure.gravatar.com\/avatar\/4e247aaf28da6d4140c419f96046c8f1c4168f2064235099605898886bb4b57e?s=96&d=mm&r=g","url":"https:\/\/secure.gravatar.com\/avatar\/4e247aaf28da6d4140c419f96046c8f1c4168f2064235099605898886bb4b57e?s=96&d=mm&r=g","contentUrl":"https:\/\/secure.gravatar.com\/avatar\/4e247aaf28da6d4140c419f96046c8f1c4168f2064235099605898886bb4b57e?s=96&d=mm&r=g","caption":"Experto"},"sameAs":["https:\/\/es.linkedin.com\/in\/manuel-monreal-97913744"],"url":"https:\/\/colchonesaznar.com\/blog\/author\/manuel\/"}]}},"_links":{"self":[{"href":"https:\/\/colchonesaznar.com\/blog\/wp-json\/wp\/v2\/posts\/6719","targetHints":{"allow":["GET"]}}],"collection":[{"href":"https:\/\/colchonesaznar.com\/blog\/wp-json\/wp\/v2\/posts"}],"about":[{"href":"https:\/\/colchonesaznar.com\/blog\/wp-json\/wp\/v2\/types\/post"}],"author":[{"embeddable":true,"href":"https:\/\/colchonesaznar.com\/blog\/wp-json\/wp\/v2\/users\/7"}],"replies":[{"embeddable":true,"href":"https:\/\/colchonesaznar.com\/blog\/wp-json\/wp\/v2\/comments?post=6719"}],"version-history":[{"count":3,"href":"https:\/\/colchonesaznar.com\/blog\/wp-json\/wp\/v2\/posts\/6719\/revisions"}],"predecessor-version":[{"id":14827,"href":"https:\/\/colchonesaznar.com\/blog\/wp-json\/wp\/v2\/posts\/6719\/revisions\/14827"}],"wp:featuredmedia":[{"embeddable":true,"href":"https:\/\/colchonesaznar.com\/blog\/wp-json\/wp\/v2\/media\/6721"}],"wp:attachment":[{"href":"https:\/\/colchonesaznar.com\/blog\/wp-json\/wp\/v2\/media?parent=6719"}],"wp:term":[{"taxonomy":"category","embeddable":true,"href":"https:\/\/colchonesaznar.com\/blog\/wp-json\/wp\/v2\/categories?post=6719"},{"taxonomy":"post_tag","embeddable":true,"href":"https:\/\/colchonesaznar.com\/blog\/wp-json\/wp\/v2\/tags?post=6719"}],"curies":[{"name":"wp","href":"https:\/\/api.w.org\/{rel}","templated":true}]}}