{"id":6732,"date":"2017-03-14T08:30:37","date_gmt":"2017-03-14T08:30:37","guid":{"rendered":"https:\/\/colchonesaznar.com\/blog\/?p=6732"},"modified":"2022-05-17T20:55:34","modified_gmt":"2022-05-17T20:55:34","slug":"dia-del-padre","status":"publish","type":"post","link":"https:\/\/colchonesaznar.com\/blog\/dia-del-padre\/","title":{"rendered":"REGALA DESCANSO EL D\u00cdA DEL PADRE."},"content":{"rendered":"<p>Un regalo perfecto para el <strong>d\u00eda del padre,\u00a0<\/strong>Colchones adaptados a las preferencias del durmiente, o almohadas que se adaptan a su postura mientras duerme.<\/p>\n<blockquote>\n<p style=\"text-align: center;\"><em>Son algunas de las opciones que proporcionan un <strong>descanso de calidad<\/strong>.<\/em><\/p>\n<\/blockquote>\n<h1>\u00bfEres padre? \u00a1Hay que celebrar el D\u00eda del Padre!<\/h1>\n<p style=\"text-align: center;\"><span style=\"color: #339966;\"><em>Si es as\u00ed\u2026 \u00a1ENHORABUENA!<\/em><\/span><\/p>\n<p>Se abre ante ti una nueva etapa de felicidad m\u00e1xima, de aprendizaje, de nuevos retos, pero tambi\u00e9n de pocas horas de sue\u00f1o\u2026<\/p>\n<p>Las parejas de hoy en dia, suelen trabajar los dos fuera de casa,\u00a0 valoran mucho su tiempo de ocio y la llegada de un hijo hace que esos planes se modifiquen.<\/p>\n<h3 style=\"text-align: center;\"><strong>\u00a1Necesitas un aporte de energ\u00eda extra!<\/strong><\/h3>\n<p>Al principio cuesta acostumbrarse a los horarios del reci\u00e9n llegado a casa. Lloro incontrolado, torpeza absoluta y sobre todo <strong>muchas noches sin dormir.<\/strong><\/p>\n<p>Ahora m\u00e1s que nunca valoras el tener un descanso de calidad, y para ello necesitas productos que mejor se adapten a tus necesidades f\u00edsicas y a tus nuevas rutinas.<\/p>\n<h2 style=\"text-align: center;\"><u>LOS REGALOS PERFECTOS DEL D\u00cdA DEL PADRE<\/u><\/h2>\n<p>Poder regalarle horas de sue\u00f1o a un padre primerizo, seria el mejor regalo sin duda. Hasta el momento no podemos a\u00f1adir horas al d\u00eda, pero si proporcionar un descanso de calidad.<\/p>\n<p><a href=\"https:\/\/colchonesaznar.com\/blog\/wp-content\/uploads\/2017\/03\/colchon-dia-del-padre.jpeg\" rel=\"attachment wp-att-6736\"><img loading=\"lazy\" decoding=\"async\" class=\"aligncenter wp-image-6736 size-large\" src=\"https:\/\/colchonesaznar.com\/blog\/wp-content\/uploads\/2017\/03\/colchon-dia-del-padre-1024x683.jpeg\" alt=\"colchon dia del padre\" width=\"669\" height=\"446\" srcset=\"https:\/\/colchonesaznar.com\/blog\/wp-content\/uploads\/2017\/03\/colchon-dia-del-padre-1024x683.jpeg 1024w, https:\/\/colchonesaznar.com\/blog\/wp-content\/uploads\/2017\/03\/colchon-dia-del-padre-300x200.jpeg 300w, https:\/\/colchonesaznar.com\/blog\/wp-content\/uploads\/2017\/03\/colchon-dia-del-padre-768x512.jpeg 768w, https:\/\/colchonesaznar.com\/blog\/wp-content\/uploads\/2017\/03\/colchon-dia-del-padre.jpeg 1280w\" sizes=\"auto, (max-width: 669px) 100vw, 669px\" \/><\/a><\/p>\n<h3><span style=\"color: #339966;\"><strong>1.- Colch\u00f3n para descansar m\u00e1s y mejor.<\/strong><\/span><\/h3>\n<p>Ya no sirve dormir en cualquier sitio y de cualquier manera. Cuando se es padre <strong>el descanso es primordial para poder afrontar el d\u00eda.<\/strong><\/p>\n<p>Existe una amplia gama de colchones que se adaptan a las necesidades del durmiente.<\/p>\n<blockquote>\n<p style=\"text-align: center;\"><strong>Colchones<\/strong> seg\u00fan la condici\u00f3n f\u00edsica y preferencias, proporciona un descanso adecuado y \u00f3ptimo.<\/p>\n<\/blockquote>\n<p style=\"text-align: center;\"><strong><a href=\"https:\/\/colchonesaznar.com\/es\/\" target=\"_blank\" rel=\"noopener noreferrer\">\u00a1Encuentra un Colch\u00f3n perfecto para \u00e9l!<\/a><\/strong><\/p>\n<h3 style=\"text-align: left;\"><span style=\"color: #339966;\"><strong>2.- Canap\u00e9 Guardatodo.<\/strong><\/span><\/h3>\n<p>Adem\u00e1s de la <strong>falta de sue\u00f1o<\/strong>, otra de las caracter\u00edstica que aparecen ligada a la experiencia de ser padres, es la falta de espacio.<\/p>\n<p>De repente la casa se convierte en una guarder\u00eda y el comedor, la cocina y hasta tu habitaci\u00f3n quedan invadidas por las \u201ccosas\u201d del bebe.<\/p>\n<p>Un<strong> canap\u00e9 de calidad<\/strong> no solo aporta adaptabilidad y firmeza al colch\u00f3n, sino que adem\u00e1s ofrece un <strong><a href=\"https:\/\/colchonesaznar.com\/es\/31-canapes-abatibles\" target=\"_blank\" rel=\"noopener noreferrer\">espacio de almacenamiento extra<\/a>.<\/strong><\/p>\n<p><a href=\"https:\/\/colchonesaznar.com\/blog\/wp-content\/uploads\/2017\/03\/almohadas-dia-del-padre.jpeg\" rel=\"attachment wp-att-6737\"><img loading=\"lazy\" decoding=\"async\" class=\"aligncenter wp-image-6737 size-large\" src=\"https:\/\/colchonesaznar.com\/blog\/wp-content\/uploads\/2017\/03\/almohadas-dia-del-padre-1024x683.jpeg\" alt=\"almohadas dia del padre\" width=\"669\" height=\"446\" srcset=\"https:\/\/colchonesaznar.com\/blog\/wp-content\/uploads\/2017\/03\/almohadas-dia-del-padre-1024x683.jpeg 1024w, https:\/\/colchonesaznar.com\/blog\/wp-content\/uploads\/2017\/03\/almohadas-dia-del-padre-300x200.jpeg 300w, https:\/\/colchonesaznar.com\/blog\/wp-content\/uploads\/2017\/03\/almohadas-dia-del-padre-768x512.jpeg 768w, https:\/\/colchonesaznar.com\/blog\/wp-content\/uploads\/2017\/03\/almohadas-dia-del-padre.jpeg 1280w\" sizes=\"auto, (max-width: 669px) 100vw, 669px\" \/><\/a><\/p>\n<h3><span style=\"color: #339966;\"><strong>3.- Almohada dulces sue\u00f1os.<\/strong><\/span><\/h3>\n<p>La comodidad y el confort que aportan el colch\u00f3n y la base sobre el que este se apoya, no sirve de nada si duermes con una almohada inadecuada.<\/p>\n<p>Una almohada que se adapte a la postura que adoptas cuando vas a dormir, <strong>reduce la tensi\u00f3n de la musculatura y de los ligamentos de la espalda.<\/strong><\/p>\n<blockquote>\n<p style=\"text-align: center;\"><em>Ayudando a aliviar dolores de espalda.<\/em><\/p>\n<\/blockquote>\n<p style=\"text-align: center;\"><strong><a href=\"https:\/\/colchonesaznar.com\/es\/15-almohadas\" target=\"_blank\" rel=\"noopener noreferrer\">\u00bfQu\u00e9 almohada necesita?<\/a><\/strong><\/p>\n<h3 style=\"text-align: left;\"><span style=\"color: #339966;\"><strong>4.- N\u00f3rdico para las noches fr\u00edas.<\/strong><\/span><\/h3>\n<p><strong>El fr\u00edo<\/strong> es uno de las causas que puede provocar que nuestro descanso no sea de calidad, y que nos despertemos en repetidas ocasiones durante la noche.<\/p>\n<p>Los diferentes <strong>rellenos n\u00f3rdicos<\/strong>, nos aportan una mayor comodidad y un descanso de calidad. Al <strong>aportar el calor necesario para poder conciliar el sue\u00f1o m\u00e1s r\u00e1pidamente<\/strong> en las noches m\u00e1s fr\u00edas.<\/p>\n<p style=\"text-align: center;\"><strong><a href=\"https:\/\/colchonesaznar.com\/es\/51-relleno-nordico\" target=\"_blank\" rel=\"noopener noreferrer\">\u00bfPasa fr\u00edo por las noches?<\/a><\/strong><\/p>\n<p style=\"text-align: center;\"><a href=\"https:\/\/colchonesaznar.com\/blog\/wp-content\/uploads\/2017\/03\/complementos-de-descanso.jpg\" rel=\"attachment wp-att-6738\"><img loading=\"lazy\" decoding=\"async\" class=\"aligncenter wp-image-6738 size-full\" src=\"https:\/\/colchonesaznar.com\/blog\/wp-content\/uploads\/2017\/03\/complementos-de-descanso.jpg\" alt=\"complementos de descanso\" width=\"650\" height=\"650\" srcset=\"https:\/\/colchonesaznar.com\/blog\/wp-content\/uploads\/2017\/03\/complementos-de-descanso.jpg 650w, https:\/\/colchonesaznar.com\/blog\/wp-content\/uploads\/2017\/03\/complementos-de-descanso-150x150.jpg 150w, https:\/\/colchonesaznar.com\/blog\/wp-content\/uploads\/2017\/03\/complementos-de-descanso-300x300.jpg 300w\" sizes=\"auto, (max-width: 650px) 100vw, 650px\" \/><\/a><\/p>\n<h3 style=\"text-align: left;\"><span style=\"color: #339966;\"><strong>5.- Sof\u00e1 cama para dormir como en tu cama.<\/strong><\/span><\/h3>\n<p>Sabemos que los primeros meses en tu aventura como padre, pasar\u00e1s las noches en la habitaci\u00f3n de tu beb\u00e9 cada vez que llore.<\/p>\n<p>Un muy buena opci\u00f3n es colocar un sof\u00e1 cama para poder <strong>dormir en la habitaci\u00f3n del beb\u00e9 las noches de \u201cguardia\u201d.<\/strong><\/p>\n<p style=\"text-align: center;\"><strong><span style=\"color: #ff0000;\">\u2665<\/span><a href=\"https:\/\/colchonesaznar.com\/es\/67-sofas-camas-y-sofas\" target=\"_blank\" rel=\"noopener noreferrer\">Enam\u00f3rate de estos Sof\u00e1s Cama<\/a><span style=\"color: #ff0000;\">\u2665<\/span><\/strong><\/p>\n<p>Si no sabes que regalar el d\u00eda del padre, ponte en su lugar, y reg\u00e1lale lo que m\u00e1s necesita, <strong>regala descanso.<\/strong><\/p>\n<p style=\"text-align: center;\"><em>\u00bfNecesitas mejorar tu descanso? \u00bfEres padre y te gustar\u00eda tener un descanso de calidad el tiempo que dispones?<\/em><\/p>\n<p style=\"text-align: center;\">Cu\u00e9ntanos que necesitas.<strong><span style=\"color: #339966;\"> <a href=\"https:\/\/colchonesaznar.com\/es\/contactenos\" target=\"_blank\" rel=\"noopener noreferrer\">\u00a1Queremos ayudarte!<\/a><\/span><\/strong><\/p>\n","protected":false},"excerpt":{"rendered":"<p>Un regalo perfecto para el d\u00eda del padre,\u00a0Colchones adaptados a las preferencias del durmiente, o almohadas que se adaptan a su postura mientras duerme. Son algunas de las opciones que proporcionan un descanso de calidad. \u00bfEres padre? \u00a1Hay que celebrar el D\u00eda del Padre! Si es as\u00ed\u2026 \u00a1ENHORABUENA! Se abre ante ti una nueva etapa [&hellip;]<\/p>\n","protected":false},"author":7,"featured_media":6733,"comment_status":"open","ping_status":"open","sticky":false,"template":"","format":"standard","meta":{"footnotes":""},"categories":[5],"tags":[125,192,194,210],"class_list":["post-6732","post","type-post","status-publish","format-standard","has-post-thumbnail","hentry","category-consejos-recomendaciones","tag-colchones-aznar","tag-consejos","tag-consejos-descanso","tag-descanso"],"yoast_head":"<!-- This site is optimized with the Yoast SEO plugin v27.9 - https:\/\/yoast.com\/product\/yoast-seo-wordpress\/ -->\n<title>D\u00eda del padre, un d\u00eda perfecto para regalar descanso.<\/title>\n<meta name=\"description\" content=\"D\u00eda del padre, el d\u00eda ideal para regalarle complementos de descanso que le ayuden a dormir por las noches, se lo merece y nosotros te vamos a ayudar.\" \/>\n<meta name=\"robots\" content=\"index, follow, max-snippet:-1, max-image-preview:large, max-video-preview:-1\" \/>\n<link rel=\"canonical\" href=\"https:\/\/colchonesaznar.com\/blog\/dia-del-padre\/\" \/>\n<meta property=\"og:locale\" content=\"es_ES\" \/>\n<meta property=\"og:type\" content=\"article\" \/>\n<meta property=\"og:title\" content=\"D\u00eda del padre, un d\u00eda perfecto para regalar descanso.\" \/>\n<meta property=\"og:description\" content=\"D\u00eda del padre, el d\u00eda ideal para regalarle complementos de descanso que le ayuden a dormir por las noches, se lo merece y nosotros te vamos a ayudar.\" \/>\n<meta property=\"og:url\" content=\"https:\/\/colchonesaznar.com\/blog\/dia-del-padre\/\" \/>\n<meta property=\"og:site_name\" content=\"ColchonesAznar - Blog\" \/>\n<meta property=\"article:publisher\" content=\"https:\/\/www.facebook.com\/ColchonesAznar\/\" \/>\n<meta property=\"article:published_time\" content=\"2017-03-14T08:30:37+00:00\" \/>\n<meta property=\"article:modified_time\" content=\"2022-05-17T20:55:34+00:00\" \/>\n<meta property=\"og:image\" content=\"https:\/\/colchonesaznar.com\/blog\/wp-content\/uploads\/2017\/03\/dia-del-padre.jpeg\" \/>\n\t<meta property=\"og:image:width\" content=\"1280\" \/>\n\t<meta property=\"og:image:height\" content=\"854\" \/>\n\t<meta property=\"og:image:type\" content=\"image\/jpeg\" \/>\n<meta name=\"author\" content=\"Experto\" \/>\n<meta name=\"twitter:card\" content=\"summary_large_image\" \/>\n<meta name=\"twitter:creator\" content=\"@colchonesaznar\" \/>\n<meta name=\"twitter:site\" content=\"@colchonesaznar\" \/>\n<meta name=\"twitter:label1\" content=\"Escrito por\" \/>\n\t<meta name=\"twitter:data1\" content=\"Experto\" \/>\n\t<meta name=\"twitter:label2\" content=\"Tiempo de lectura\" \/>\n\t<meta name=\"twitter:data2\" content=\"3 minutos\" \/>\n<script type=\"application\/ld+json\" class=\"yoast-schema-graph\">{\"@context\":\"https:\\\/\\\/schema.org\",\"@graph\":[{\"@type\":\"Article\",\"@id\":\"https:\\\/\\\/colchonesaznar.com\\\/blog\\\/dia-del-padre\\\/#article\",\"isPartOf\":{\"@id\":\"https:\\\/\\\/colchonesaznar.com\\\/blog\\\/dia-del-padre\\\/\"},\"author\":{\"name\":\"Experto\",\"@id\":\"https:\\\/\\\/colchonesaznar.com\\\/blog\\\/#\\\/schema\\\/person\\\/9c082b62743326738763277031fec1ff\"},\"headline\":\"REGALA DESCANSO EL D\u00cdA DEL PADRE.\",\"datePublished\":\"2017-03-14T08:30:37+00:00\",\"dateModified\":\"2022-05-17T20:55:34+00:00\",\"mainEntityOfPage\":{\"@id\":\"https:\\\/\\\/colchonesaznar.com\\\/blog\\\/dia-del-padre\\\/\"},\"wordCount\":632,\"commentCount\":0,\"publisher\":{\"@id\":\"https:\\\/\\\/colchonesaznar.com\\\/blog\\\/#organization\"},\"image\":{\"@id\":\"https:\\\/\\\/colchonesaznar.com\\\/blog\\\/dia-del-padre\\\/#primaryimage\"},\"thumbnailUrl\":\"https:\\\/\\\/colchonesaznar.com\\\/blog\\\/wp-content\\\/uploads\\\/2017\\\/03\\\/dia-del-padre.jpeg\",\"keywords\":[\"colchones aznar\",\"Consejos\",\"consejos descanso\",\"descanso\"],\"articleSection\":[\"Consejos y Recomendaciones\"],\"inLanguage\":\"es\",\"potentialAction\":[{\"@type\":\"CommentAction\",\"name\":\"Comment\",\"target\":[\"https:\\\/\\\/colchonesaznar.com\\\/blog\\\/dia-del-padre\\\/#respond\"]}]},{\"@type\":\"WebPage\",\"@id\":\"https:\\\/\\\/colchonesaznar.com\\\/blog\\\/dia-del-padre\\\/\",\"url\":\"https:\\\/\\\/colchonesaznar.com\\\/blog\\\/dia-del-padre\\\/\",\"name\":\"D\u00eda del padre, un d\u00eda perfecto para regalar descanso.\",\"isPartOf\":{\"@id\":\"https:\\\/\\\/colchonesaznar.com\\\/blog\\\/#website\"},\"primaryImageOfPage\":{\"@id\":\"https:\\\/\\\/colchonesaznar.com\\\/blog\\\/dia-del-padre\\\/#primaryimage\"},\"image\":{\"@id\":\"https:\\\/\\\/colchonesaznar.com\\\/blog\\\/dia-del-padre\\\/#primaryimage\"},\"thumbnailUrl\":\"https:\\\/\\\/colchonesaznar.com\\\/blog\\\/wp-content\\\/uploads\\\/2017\\\/03\\\/dia-del-padre.jpeg\",\"datePublished\":\"2017-03-14T08:30:37+00:00\",\"dateModified\":\"2022-05-17T20:55:34+00:00\",\"description\":\"D\u00eda del padre, el d\u00eda ideal para regalarle complementos de descanso que le ayuden a dormir por las noches, se lo merece y nosotros te vamos a ayudar.\",\"breadcrumb\":{\"@id\":\"https:\\\/\\\/colchonesaznar.com\\\/blog\\\/dia-del-padre\\\/#breadcrumb\"},\"inLanguage\":\"es\",\"potentialAction\":[{\"@type\":\"ReadAction\",\"target\":[\"https:\\\/\\\/colchonesaznar.com\\\/blog\\\/dia-del-padre\\\/\"]}]},{\"@type\":\"ImageObject\",\"inLanguage\":\"es\",\"@id\":\"https:\\\/\\\/colchonesaznar.com\\\/blog\\\/dia-del-padre\\\/#primaryimage\",\"url\":\"https:\\\/\\\/colchonesaznar.com\\\/blog\\\/wp-content\\\/uploads\\\/2017\\\/03\\\/dia-del-padre.jpeg\",\"contentUrl\":\"https:\\\/\\\/colchonesaznar.com\\\/blog\\\/wp-content\\\/uploads\\\/2017\\\/03\\\/dia-del-padre.jpeg\",\"width\":1280,\"height\":854,\"caption\":\"dia del padre\"},{\"@type\":\"BreadcrumbList\",\"@id\":\"https:\\\/\\\/colchonesaznar.com\\\/blog\\\/dia-del-padre\\\/#breadcrumb\",\"itemListElement\":[{\"@type\":\"ListItem\",\"position\":1,\"name\":\"Home\",\"item\":\"https:\\\/\\\/colchonesaznar.com\\\/blog\\\/\"},{\"@type\":\"ListItem\",\"position\":2,\"name\":\"REGALA DESCANSO EL D\u00cdA DEL PADRE.\"}]},{\"@type\":\"WebSite\",\"@id\":\"https:\\\/\\\/colchonesaznar.com\\\/blog\\\/#website\",\"url\":\"https:\\\/\\\/colchonesaznar.com\\\/blog\\\/\",\"name\":\"Colchones Aznar - Blog\",\"description\":\"ColchonesAznar\",\"publisher\":{\"@id\":\"https:\\\/\\\/colchonesaznar.com\\\/blog\\\/#organization\"},\"potentialAction\":[{\"@type\":\"SearchAction\",\"target\":{\"@type\":\"EntryPoint\",\"urlTemplate\":\"https:\\\/\\\/colchonesaznar.com\\\/blog\\\/?s={search_term_string}\"},\"query-input\":{\"@type\":\"PropertyValueSpecification\",\"valueRequired\":true,\"valueName\":\"search_term_string\"}}],\"inLanguage\":\"es\"},{\"@type\":\"Organization\",\"@id\":\"https:\\\/\\\/colchonesaznar.com\\\/blog\\\/#organization\",\"name\":\"Colchones Aznar\",\"url\":\"https:\\\/\\\/colchonesaznar.com\\\/blog\\\/\",\"logo\":{\"@type\":\"ImageObject\",\"inLanguage\":\"es\",\"@id\":\"https:\\\/\\\/colchonesaznar.com\\\/blog\\\/#\\\/schema\\\/logo\\\/image\\\/\",\"url\":\"https:\\\/\\\/colchonesaznar.com\\\/blog\\\/wp-content\\\/uploads\\\/2019\\\/04\\\/opiniones-colchones.jpg\",\"contentUrl\":\"https:\\\/\\\/colchonesaznar.com\\\/blog\\\/wp-content\\\/uploads\\\/2019\\\/04\\\/opiniones-colchones.jpg\",\"width\":1419,\"height\":1419,\"caption\":\"Colchones Aznar\"},\"image\":{\"@id\":\"https:\\\/\\\/colchonesaznar.com\\\/blog\\\/#\\\/schema\\\/logo\\\/image\\\/\"},\"sameAs\":[\"https:\\\/\\\/www.facebook.com\\\/ColchonesAznar\\\/\",\"https:\\\/\\\/x.com\\\/colchonesaznar\",\"https:\\\/\\\/www.instagram.com\\\/aznarcolchones\\\/?hl=es\"]},{\"@type\":\"Person\",\"@id\":\"https:\\\/\\\/colchonesaznar.com\\\/blog\\\/#\\\/schema\\\/person\\\/9c082b62743326738763277031fec1ff\",\"name\":\"Experto\",\"image\":{\"@type\":\"ImageObject\",\"inLanguage\":\"es\",\"@id\":\"https:\\\/\\\/secure.gravatar.com\\\/avatar\\\/4e247aaf28da6d4140c419f96046c8f1c4168f2064235099605898886bb4b57e?s=96&d=mm&r=g\",\"url\":\"https:\\\/\\\/secure.gravatar.com\\\/avatar\\\/4e247aaf28da6d4140c419f96046c8f1c4168f2064235099605898886bb4b57e?s=96&d=mm&r=g\",\"contentUrl\":\"https:\\\/\\\/secure.gravatar.com\\\/avatar\\\/4e247aaf28da6d4140c419f96046c8f1c4168f2064235099605898886bb4b57e?s=96&d=mm&r=g\",\"caption\":\"Experto\"},\"sameAs\":[\"https:\\\/\\\/es.linkedin.com\\\/in\\\/manuel-monreal-97913744\"],\"url\":\"https:\\\/\\\/colchonesaznar.com\\\/blog\\\/author\\\/manuel\\\/\"}]}<\/script>\n<!-- \/ Yoast SEO plugin. -->","yoast_head_json":{"title":"D\u00eda del padre, un d\u00eda perfecto para regalar descanso.","description":"D\u00eda del padre, el d\u00eda ideal para regalarle complementos de descanso que le ayuden a dormir por las noches, se lo merece y nosotros te vamos a ayudar.","robots":{"index":"index","follow":"follow","max-snippet":"max-snippet:-1","max-image-preview":"max-image-preview:large","max-video-preview":"max-video-preview:-1"},"canonical":"https:\/\/colchonesaznar.com\/blog\/dia-del-padre\/","og_locale":"es_ES","og_type":"article","og_title":"D\u00eda del padre, un d\u00eda perfecto para regalar descanso.","og_description":"D\u00eda del padre, el d\u00eda ideal para regalarle complementos de descanso que le ayuden a dormir por las noches, se lo merece y nosotros te vamos a ayudar.","og_url":"https:\/\/colchonesaznar.com\/blog\/dia-del-padre\/","og_site_name":"ColchonesAznar - Blog","article_publisher":"https:\/\/www.facebook.com\/ColchonesAznar\/","article_published_time":"2017-03-14T08:30:37+00:00","article_modified_time":"2022-05-17T20:55:34+00:00","og_image":[{"width":1280,"height":854,"url":"https:\/\/colchonesaznar.com\/blog\/wp-content\/uploads\/2017\/03\/dia-del-padre.jpeg","type":"image\/jpeg"}],"author":"Experto","twitter_card":"summary_large_image","twitter_creator":"@colchonesaznar","twitter_site":"@colchonesaznar","twitter_misc":{"Escrito por":"Experto","Tiempo de lectura":"3 minutos"},"schema":{"@context":"https:\/\/schema.org","@graph":[{"@type":"Article","@id":"https:\/\/colchonesaznar.com\/blog\/dia-del-padre\/#article","isPartOf":{"@id":"https:\/\/colchonesaznar.com\/blog\/dia-del-padre\/"},"author":{"name":"Experto","@id":"https:\/\/colchonesaznar.com\/blog\/#\/schema\/person\/9c082b62743326738763277031fec1ff"},"headline":"REGALA DESCANSO EL D\u00cdA DEL PADRE.","datePublished":"2017-03-14T08:30:37+00:00","dateModified":"2022-05-17T20:55:34+00:00","mainEntityOfPage":{"@id":"https:\/\/colchonesaznar.com\/blog\/dia-del-padre\/"},"wordCount":632,"commentCount":0,"publisher":{"@id":"https:\/\/colchonesaznar.com\/blog\/#organization"},"image":{"@id":"https:\/\/colchonesaznar.com\/blog\/dia-del-padre\/#primaryimage"},"thumbnailUrl":"https:\/\/colchonesaznar.com\/blog\/wp-content\/uploads\/2017\/03\/dia-del-padre.jpeg","keywords":["colchones aznar","Consejos","consejos descanso","descanso"],"articleSection":["Consejos y Recomendaciones"],"inLanguage":"es","potentialAction":[{"@type":"CommentAction","name":"Comment","target":["https:\/\/colchonesaznar.com\/blog\/dia-del-padre\/#respond"]}]},{"@type":"WebPage","@id":"https:\/\/colchonesaznar.com\/blog\/dia-del-padre\/","url":"https:\/\/colchonesaznar.com\/blog\/dia-del-padre\/","name":"D\u00eda del padre, un d\u00eda perfecto para regalar descanso.","isPartOf":{"@id":"https:\/\/colchonesaznar.com\/blog\/#website"},"primaryImageOfPage":{"@id":"https:\/\/colchonesaznar.com\/blog\/dia-del-padre\/#primaryimage"},"image":{"@id":"https:\/\/colchonesaznar.com\/blog\/dia-del-padre\/#primaryimage"},"thumbnailUrl":"https:\/\/colchonesaznar.com\/blog\/wp-content\/uploads\/2017\/03\/dia-del-padre.jpeg","datePublished":"2017-03-14T08:30:37+00:00","dateModified":"2022-05-17T20:55:34+00:00","description":"D\u00eda del padre, el d\u00eda ideal para regalarle complementos de descanso que le ayuden a dormir por las noches, se lo merece y nosotros te vamos a ayudar.","breadcrumb":{"@id":"https:\/\/colchonesaznar.com\/blog\/dia-del-padre\/#breadcrumb"},"inLanguage":"es","potentialAction":[{"@type":"ReadAction","target":["https:\/\/colchonesaznar.com\/blog\/dia-del-padre\/"]}]},{"@type":"ImageObject","inLanguage":"es","@id":"https:\/\/colchonesaznar.com\/blog\/dia-del-padre\/#primaryimage","url":"https:\/\/colchonesaznar.com\/blog\/wp-content\/uploads\/2017\/03\/dia-del-padre.jpeg","contentUrl":"https:\/\/colchonesaznar.com\/blog\/wp-content\/uploads\/2017\/03\/dia-del-padre.jpeg","width":1280,"height":854,"caption":"dia del padre"},{"@type":"BreadcrumbList","@id":"https:\/\/colchonesaznar.com\/blog\/dia-del-padre\/#breadcrumb","itemListElement":[{"@type":"ListItem","position":1,"name":"Home","item":"https:\/\/colchonesaznar.com\/blog\/"},{"@type":"ListItem","position":2,"name":"REGALA DESCANSO EL D\u00cdA DEL PADRE."}]},{"@type":"WebSite","@id":"https:\/\/colchonesaznar.com\/blog\/#website","url":"https:\/\/colchonesaznar.com\/blog\/","name":"Colchones Aznar - Blog","description":"ColchonesAznar","publisher":{"@id":"https:\/\/colchonesaznar.com\/blog\/#organization"},"potentialAction":[{"@type":"SearchAction","target":{"@type":"EntryPoint","urlTemplate":"https:\/\/colchonesaznar.com\/blog\/?s={search_term_string}"},"query-input":{"@type":"PropertyValueSpecification","valueRequired":true,"valueName":"search_term_string"}}],"inLanguage":"es"},{"@type":"Organization","@id":"https:\/\/colchonesaznar.com\/blog\/#organization","name":"Colchones Aznar","url":"https:\/\/colchonesaznar.com\/blog\/","logo":{"@type":"ImageObject","inLanguage":"es","@id":"https:\/\/colchonesaznar.com\/blog\/#\/schema\/logo\/image\/","url":"https:\/\/colchonesaznar.com\/blog\/wp-content\/uploads\/2019\/04\/opiniones-colchones.jpg","contentUrl":"https:\/\/colchonesaznar.com\/blog\/wp-content\/uploads\/2019\/04\/opiniones-colchones.jpg","width":1419,"height":1419,"caption":"Colchones Aznar"},"image":{"@id":"https:\/\/colchonesaznar.com\/blog\/#\/schema\/logo\/image\/"},"sameAs":["https:\/\/www.facebook.com\/ColchonesAznar\/","https:\/\/x.com\/colchonesaznar","https:\/\/www.instagram.com\/aznarcolchones\/?hl=es"]},{"@type":"Person","@id":"https:\/\/colchonesaznar.com\/blog\/#\/schema\/person\/9c082b62743326738763277031fec1ff","name":"Experto","image":{"@type":"ImageObject","inLanguage":"es","@id":"https:\/\/secure.gravatar.com\/avatar\/4e247aaf28da6d4140c419f96046c8f1c4168f2064235099605898886bb4b57e?s=96&d=mm&r=g","url":"https:\/\/secure.gravatar.com\/avatar\/4e247aaf28da6d4140c419f96046c8f1c4168f2064235099605898886bb4b57e?s=96&d=mm&r=g","contentUrl":"https:\/\/secure.gravatar.com\/avatar\/4e247aaf28da6d4140c419f96046c8f1c4168f2064235099605898886bb4b57e?s=96&d=mm&r=g","caption":"Experto"},"sameAs":["https:\/\/es.linkedin.com\/in\/manuel-monreal-97913744"],"url":"https:\/\/colchonesaznar.com\/blog\/author\/manuel\/"}]}},"_links":{"self":[{"href":"https:\/\/colchonesaznar.com\/blog\/wp-json\/wp\/v2\/posts\/6732","targetHints":{"allow":["GET"]}}],"collection":[{"href":"https:\/\/colchonesaznar.com\/blog\/wp-json\/wp\/v2\/posts"}],"about":[{"href":"https:\/\/colchonesaznar.com\/blog\/wp-json\/wp\/v2\/types\/post"}],"author":[{"embeddable":true,"href":"https:\/\/colchonesaznar.com\/blog\/wp-json\/wp\/v2\/users\/7"}],"replies":[{"embeddable":true,"href":"https:\/\/colchonesaznar.com\/blog\/wp-json\/wp\/v2\/comments?post=6732"}],"version-history":[{"count":4,"href":"https:\/\/colchonesaznar.com\/blog\/wp-json\/wp\/v2\/posts\/6732\/revisions"}],"predecessor-version":[{"id":14587,"href":"https:\/\/colchonesaznar.com\/blog\/wp-json\/wp\/v2\/posts\/6732\/revisions\/14587"}],"wp:featuredmedia":[{"embeddable":true,"href":"https:\/\/colchonesaznar.com\/blog\/wp-json\/wp\/v2\/media\/6733"}],"wp:attachment":[{"href":"https:\/\/colchonesaznar.com\/blog\/wp-json\/wp\/v2\/media?parent=6732"}],"wp:term":[{"taxonomy":"category","embeddable":true,"href":"https:\/\/colchonesaznar.com\/blog\/wp-json\/wp\/v2\/categories?post=6732"},{"taxonomy":"post_tag","embeddable":true,"href":"https:\/\/colchonesaznar.com\/blog\/wp-json\/wp\/v2\/tags?post=6732"}],"curies":[{"name":"wp","href":"https:\/\/api.w.org\/{rel}","templated":true}]}}