{"id":9022,"date":"2018-05-15T08:30:21","date_gmt":"2018-05-15T08:30:21","guid":{"rendered":"https:\/\/colchonesaznar.com\/blog\/?p=9022"},"modified":"2024-03-08T10:27:29","modified_gmt":"2024-03-08T10:27:29","slug":"despertar-a-un-bebe","status":"publish","type":"post","link":"https:\/\/colchonesaznar.com\/blog\/despertar-a-un-bebe\/","title":{"rendered":"\u00bfEs bueno despertar a un beb\u00e9?"},"content":{"rendered":"<p><strong>Despertar a un beb\u00e9<\/strong>\u00a0para que coma es necesario en algunos casos, pero la mayor\u00eda tan solo debe ajustarse a una correcta rutina del sue\u00f1o.<\/p>\n<p style=\"text-align: center;\"><span style=\"color: #339966;\">\u00bfRecientemente has sido mam\u00e1 y te invaden mil dudas?<\/span><\/p>\n<p>Es\u00a0 normal si eres madre primeriza que tengas mil preguntas acerca de la lactancia, el desarrollo y el sue\u00f1o de tu bebe.<\/p>\n<blockquote><p><em><strong>Algunas de las cuestiones que m\u00e1s preocupa a las madres primerizas<\/strong> sobre el descanso de sus bebes son:<\/em><\/p>\n<p><em><span style=\"color: #339966;\">&#8211;<\/span> \u00bfCu\u00e1nto tiene que dormir un beb\u00e9?<\/em><\/p>\n<p><em><span style=\"color: #339966;\">&#8211;<\/span> \u00bfHay que despertarlo para comer?<\/em><\/p>\n<p><em><span style=\"color: #339966;\">&#8211;<\/span> \u00bfCada cuanto tiene que comer?<\/em><\/p>\n<p><em><span style=\"color: #339966;\">&#8211;<\/span> \u00bfSupone alg\u00fan riesgo para la salud despertar al beb\u00e9?<\/em><\/p>\n<p><em><span style=\"color: #339966;\">&#8211;<\/span> \u00bfCu\u00e1l es la mejor manera de despertar a un beb\u00e9?<\/em><\/p><\/blockquote>\n<p>Seguramente conoces a alguien o tu misma has sufrido en tu piel, la sensaci\u00f3n de no dormir ni siquiera dos horas seguidas.<\/p>\n<p>Esto puede ser debido a que todav\u00eda no le has marcado a tu bebe una adecuada rutina del sue\u00f1o.<\/p>\n<p><strong>Debes ense\u00f1ar a tu bebe a diferenciar entre el dia y la noche<\/strong>, y que aprenda a dormir solo.<\/p>\n<p>Estos h\u00e1bitos son beneficiosos para la salud del ni\u00f1o y la de los padres.<\/p>\n<p><a href=\"https:\/\/colchonesaznar.com\/blog\/wp-content\/uploads\/2018\/05\/cuidados-de-bebe.jpg\"><img loading=\"lazy\" decoding=\"async\" class=\"aligncenter wp-image-9029 size-large\" src=\"https:\/\/colchonesaznar.com\/blog\/wp-content\/uploads\/2018\/05\/cuidados-de-bebe-683x1024.jpg\" alt=\"cuidados de beb\u00e9\" width=\"669\" height=\"1003\" srcset=\"https:\/\/colchonesaznar.com\/blog\/wp-content\/uploads\/2018\/05\/cuidados-de-bebe-683x1024.jpg 683w, https:\/\/colchonesaznar.com\/blog\/wp-content\/uploads\/2018\/05\/cuidados-de-bebe-200x300.jpg 200w, https:\/\/colchonesaznar.com\/blog\/wp-content\/uploads\/2018\/05\/cuidados-de-bebe-768x1152.jpg 768w, https:\/\/colchonesaznar.com\/blog\/wp-content\/uploads\/2018\/05\/cuidados-de-bebe.jpg 1920w\" sizes=\"auto, (max-width: 669px) 100vw, 669px\" \/><\/a><\/p>\n<h2 style=\"text-align: center;\"><span style=\"color: #339966;\"><u>CUANDO DESPERTAR A UN BEB\u00c9<\/u><\/span><\/h2>\n<p>Lo primero que hay que tener en cuenta es la edad del beb\u00e9.<\/p>\n<p><span style=\"color: #339966;\">&#8211;<\/span> Los reci\u00e9n nacidos generalmente duermen unas 16 horas y se despiertan cada dos horas para comer.<\/p>\n<p><span style=\"color: #339966;\">&#8211;<\/span> A los dos meses, el estomago del bebe ya ha comenzado a desarrollarse, y el tiempo de sue\u00f1o puede alargarse.<\/p>\n<p>Hay algunas madres que acostumbradas a una rutina de comida, creen que si duermen m\u00e1s horas les ocurre algo y los despiertan.<\/p>\n<blockquote><p><em>Sin embargo <strong>para establecer una rutina del sue\u00f1o, es recomendable no despertarlo hasta que el mismo lo haga.<\/strong><\/em><\/p><\/blockquote>\n<p>Si decides despertarlo porque crees que es conveniente, es posible que el bebe se encuentre irritado y nervioso todo el d\u00eda.<\/p>\n<p>Esta forma de alimentaci\u00f3n adoptada por muchas madres, es la <strong>\u201calimentaci\u00f3n a demanda\u201d.<\/strong><\/p>\n<p>Este tipo de alimentaci\u00f3n se puede llevar a cabo salvo excepciones.<\/p>\n<h3 style=\"text-align: center;\"><span style=\"color: #339966;\"><u>EXCEPCIONES A LA ALIMENTACI\u00d3N A DEMANDA<\/u><\/span><\/h3>\n<p>Existen algunos casos en los <strong>que se recomienda despertar al beb\u00e9 para que coma<\/strong>, seg\u00fan un horario establecido:<\/p>\n<p><span style=\"color: #339966;\">&#8211;<\/span> Si es prematuro.<\/p>\n<p><span style=\"color: #339966;\">&#8211;<\/span>\u00a0No est\u00e1 sano.<\/p>\n<p><span style=\"color: #339966;\">&#8211;<\/span> Necesita ganas peso.<\/p>\n<p><span style=\"color: #339966;\">&#8211;<\/span> No se ha adaptado a un periodo de lactancia.<\/p>\n<p><span style=\"color: #339966;\">&#8211;<\/span> Pasa muchas horas durmiendo sin comer<\/p>\n<p>En estos casos, debe establecerse un horario de lactancia, y despertar al bebe para que coma.<\/p>\n<p><a href=\"https:\/\/colchonesaznar.com\/blog\/wp-content\/uploads\/2018\/05\/beb\u00e9.jpg\"><img loading=\"lazy\" decoding=\"async\" class=\"aligncenter wp-image-9025 size-large\" src=\"https:\/\/colchonesaznar.com\/blog\/wp-content\/uploads\/2018\/05\/beb\u00e9-1024x683.jpg\" alt=\"beb\u00e9\" width=\"669\" height=\"446\" srcset=\"https:\/\/colchonesaznar.com\/blog\/wp-content\/uploads\/2018\/05\/beb\u00e9-1024x683.jpg 1024w, https:\/\/colchonesaznar.com\/blog\/wp-content\/uploads\/2018\/05\/beb\u00e9-300x200.jpg 300w, https:\/\/colchonesaznar.com\/blog\/wp-content\/uploads\/2018\/05\/beb\u00e9-768x512.jpg 768w, https:\/\/colchonesaznar.com\/blog\/wp-content\/uploads\/2018\/05\/beb\u00e9.jpg 1920w\" sizes=\"auto, (max-width: 669px) 100vw, 669px\" \/><\/a><\/p>\n<h3 style=\"text-align: center;\"><span style=\"color: #339966;\"><u>C\u00d3MO CREAR UNA RUTINA DEL SUE\u00d1O FOTO<\/u><\/span><\/h3>\n<p>Para ense\u00f1arle al beb\u00e9 una correcta rutina del sue\u00f1o, los expertos recomiendan seguir unas sencillas pautas:<\/p>\n<p><span style=\"color: #339966;\">&#8211;<\/span><strong> Mantener al bebe despierto en cada toma<\/strong>. Puedes acariciarle las mejillas o susurrarle lentamente para que no se duerma.<\/p>\n<p><span style=\"color: #339966;\">&#8211;<\/span> Mientras le cambias el pa\u00f1al intenta que no se duerma.<\/p>\n<p><span style=\"color: #339966;\">&#8211;<\/span><strong> Acu\u00e9stalo despierto en la cuna<\/strong>, para que el mismo concilie el sue\u00f1o.<\/p>\n<p><span style=\"color: #339966;\">&#8211;<\/span> Si se despierta durante su horario de sue\u00f1o, c\u00e1mbialo de postura, pero\u00a0 no lo cojas para evitar que se desestabilice su rutina del sue\u00f1o.<\/p>\n<h3 style=\"text-align: center;\"><span style=\"color: #339966;\"><u>\u00bfC\u00d3MO DESPIERTO A UN BEBE?<\/u><\/span><\/h3>\n<p>A nadie nos gusta que nos despierten a gritos, abriendo la persiana de golpe o quit\u00e1ndonos las sabanas, y a los bebes tampoco.<\/p>\n<p><span style=\"color: #339966;\">&#8211;<\/span> Ac\u00e9rcate a la habitaci\u00f3n del beb\u00e9\u00a0<strong>y sus\u00farrale al o\u00eddo<\/strong>, masaj\u00e9ale la espalda o t\u00f3cale la mejilla.<\/p>\n<p><span style=\"color: #339966;\">&#8211;<\/span> Deja <strong>que entre poco a poco la luz<\/strong> en la habitaci\u00f3n.<\/p>\n<p><span style=\"color: #339966;\">&#8211;<\/span> <strong>C\u00f3gelo en tus brazos y ac\u00e9rcalo a tu pecho<\/strong>, ya que el contacto f\u00edsico le aportara seguridad y tranquilidad.<\/p>\n<p>En <strong>Colchones Aznar<\/strong> nos preocupa mucho la calidad del sue\u00f1o de toda la familia, y en especia la de los m\u00e1s peque\u00f1os de la casa.<\/p>\n<p>Es fundamental que la calidad de los colchones de los bebes sean firmes para evitar la muerte s\u00fabita y las deformidades f\u00edsicas.<\/p>\n<p><a href=\"https:\/\/colchonesaznar.com\/es\/22-colchones-para-bebes\"><img loading=\"lazy\" decoding=\"async\" class=\"aligncenter wp-image-9027 size-full\" src=\"https:\/\/colchonesaznar.com\/blog\/wp-content\/uploads\/2018\/05\/colchones-para-bebes.png\" alt=\"colchones para bebes\" width=\"577\" height=\"268\" srcset=\"https:\/\/colchonesaznar.com\/blog\/wp-content\/uploads\/2018\/05\/colchones-para-bebes.png 577w, https:\/\/colchonesaznar.com\/blog\/wp-content\/uploads\/2018\/05\/colchones-para-bebes-300x139.png 300w\" sizes=\"auto, (max-width: 577px) 100vw, 577px\" \/><\/a><\/p>\n<p style=\"text-align: center;\"><em><span style=\"color: #339966;\">\u00bfQuieres saber si es bueno despertar a un beb\u00e9? \u00bf Necesitas un descanso de calidad? <\/span><\/em><\/p>\n<p style=\"text-align: center;\">Cu\u00e9ntanos que necesitas. <a href=\"https:\/\/colchonesaznar.com\/es\/contactenos\"><strong>\u00a1Queremos ayudarte!<\/strong><\/a><\/p>\n","protected":false},"excerpt":{"rendered":"<p>Despertar a un beb\u00e9\u00a0para que coma es necesario en algunos casos, pero la mayor\u00eda tan solo debe ajustarse a una correcta rutina del sue\u00f1o. \u00bfRecientemente has sido mam\u00e1 y te invaden mil dudas? Es\u00a0 normal si eres madre primeriza que tengas mil preguntas acerca de la lactancia, el desarrollo y el sue\u00f1o de tu bebe. [&hellip;]<\/p>\n","protected":false},"author":7,"featured_media":9023,"comment_status":"open","ping_status":"open","sticky":false,"template":"","format":"standard","meta":{"footnotes":""},"categories":[5],"tags":[46],"class_list":["post-9022","post","type-post","status-publish","format-standard","has-post-thumbnail","hentry","category-consejos-recomendaciones","tag-bebe"],"yoast_head":"<!-- This site is optimized with the Yoast SEO plugin v27.9 - https:\/\/yoast.com\/product\/yoast-seo-wordpress\/ -->\n<title>\u00bfEs bueno despertar a un beb\u00e9?<\/title>\n<meta name=\"description\" content=\"Despertar a un beb\u00e9\u00a0para que coma es necesario en algunos casos, pero la mayor\u00eda tan solo debe ajustarse a una correcta rutina del sue\u00f1o.\" \/>\n<meta name=\"robots\" content=\"index, follow, max-snippet:-1, max-image-preview:large, max-video-preview:-1\" \/>\n<link rel=\"canonical\" href=\"https:\/\/colchonesaznar.com\/blog\/despertar-a-un-bebe\/\" \/>\n<meta property=\"og:locale\" content=\"es_ES\" \/>\n<meta property=\"og:type\" content=\"article\" \/>\n<meta property=\"og:title\" content=\"\u00bfEs bueno despertar a un beb\u00e9?\" \/>\n<meta property=\"og:description\" content=\"Despertar a un beb\u00e9\u00a0para que coma es necesario en algunos casos, pero la mayor\u00eda tan solo debe ajustarse a una correcta rutina del sue\u00f1o.\" \/>\n<meta property=\"og:url\" content=\"https:\/\/colchonesaznar.com\/blog\/despertar-a-un-bebe\/\" \/>\n<meta property=\"og:site_name\" content=\"ColchonesAznar - Blog\" \/>\n<meta property=\"article:publisher\" content=\"https:\/\/www.facebook.com\/ColchonesAznar\/\" \/>\n<meta property=\"article:published_time\" content=\"2018-05-15T08:30:21+00:00\" \/>\n<meta property=\"article:modified_time\" content=\"2024-03-08T10:27:29+00:00\" \/>\n<meta property=\"og:image\" content=\"https:\/\/colchonesaznar.com\/blog\/wp-content\/uploads\/2018\/05\/despertar-a-un-beb\u00e9.jpg\" \/>\n\t<meta property=\"og:image:width\" content=\"1920\" \/>\n\t<meta property=\"og:image:height\" content=\"1272\" \/>\n\t<meta property=\"og:image:type\" content=\"image\/jpeg\" \/>\n<meta name=\"author\" content=\"Experto\" \/>\n<meta name=\"twitter:card\" content=\"summary_large_image\" \/>\n<meta name=\"twitter:creator\" content=\"@colchonesaznar\" \/>\n<meta name=\"twitter:site\" content=\"@colchonesaznar\" \/>\n<meta name=\"twitter:label1\" content=\"Escrito por\" \/>\n\t<meta name=\"twitter:data1\" content=\"Experto\" \/>\n\t<meta name=\"twitter:label2\" content=\"Tiempo de lectura\" \/>\n\t<meta name=\"twitter:data2\" content=\"4 minutos\" \/>\n<script type=\"application\/ld+json\" class=\"yoast-schema-graph\">{\"@context\":\"https:\\\/\\\/schema.org\",\"@graph\":[{\"@type\":\"Article\",\"@id\":\"https:\\\/\\\/colchonesaznar.com\\\/blog\\\/despertar-a-un-bebe\\\/#article\",\"isPartOf\":{\"@id\":\"https:\\\/\\\/colchonesaznar.com\\\/blog\\\/despertar-a-un-bebe\\\/\"},\"author\":{\"name\":\"Experto\",\"@id\":\"https:\\\/\\\/colchonesaznar.com\\\/blog\\\/#\\\/schema\\\/person\\\/9c082b62743326738763277031fec1ff\"},\"headline\":\"\u00bfEs bueno despertar a un beb\u00e9?\",\"datePublished\":\"2018-05-15T08:30:21+00:00\",\"dateModified\":\"2024-03-08T10:27:29+00:00\",\"mainEntityOfPage\":{\"@id\":\"https:\\\/\\\/colchonesaznar.com\\\/blog\\\/despertar-a-un-bebe\\\/\"},\"wordCount\":690,\"commentCount\":0,\"publisher\":{\"@id\":\"https:\\\/\\\/colchonesaznar.com\\\/blog\\\/#organization\"},\"image\":{\"@id\":\"https:\\\/\\\/colchonesaznar.com\\\/blog\\\/despertar-a-un-bebe\\\/#primaryimage\"},\"thumbnailUrl\":\"https:\\\/\\\/colchonesaznar.com\\\/blog\\\/wp-content\\\/uploads\\\/2018\\\/05\\\/despertar-a-un-beb\u00e9.jpg\",\"keywords\":[\"beb\u00e9\"],\"articleSection\":[\"Consejos y Recomendaciones\"],\"inLanguage\":\"es\",\"potentialAction\":[{\"@type\":\"CommentAction\",\"name\":\"Comment\",\"target\":[\"https:\\\/\\\/colchonesaznar.com\\\/blog\\\/despertar-a-un-bebe\\\/#respond\"]}]},{\"@type\":\"WebPage\",\"@id\":\"https:\\\/\\\/colchonesaznar.com\\\/blog\\\/despertar-a-un-bebe\\\/\",\"url\":\"https:\\\/\\\/colchonesaznar.com\\\/blog\\\/despertar-a-un-bebe\\\/\",\"name\":\"\u00bfEs bueno despertar a un beb\u00e9?\",\"isPartOf\":{\"@id\":\"https:\\\/\\\/colchonesaznar.com\\\/blog\\\/#website\"},\"primaryImageOfPage\":{\"@id\":\"https:\\\/\\\/colchonesaznar.com\\\/blog\\\/despertar-a-un-bebe\\\/#primaryimage\"},\"image\":{\"@id\":\"https:\\\/\\\/colchonesaznar.com\\\/blog\\\/despertar-a-un-bebe\\\/#primaryimage\"},\"thumbnailUrl\":\"https:\\\/\\\/colchonesaznar.com\\\/blog\\\/wp-content\\\/uploads\\\/2018\\\/05\\\/despertar-a-un-beb\u00e9.jpg\",\"datePublished\":\"2018-05-15T08:30:21+00:00\",\"dateModified\":\"2024-03-08T10:27:29+00:00\",\"description\":\"Despertar a un beb\u00e9\u00a0para que coma es necesario en algunos casos, pero la mayor\u00eda tan solo debe ajustarse a una correcta rutina del sue\u00f1o.\",\"breadcrumb\":{\"@id\":\"https:\\\/\\\/colchonesaznar.com\\\/blog\\\/despertar-a-un-bebe\\\/#breadcrumb\"},\"inLanguage\":\"es\",\"potentialAction\":[{\"@type\":\"ReadAction\",\"target\":[\"https:\\\/\\\/colchonesaznar.com\\\/blog\\\/despertar-a-un-bebe\\\/\"]}]},{\"@type\":\"ImageObject\",\"inLanguage\":\"es\",\"@id\":\"https:\\\/\\\/colchonesaznar.com\\\/blog\\\/despertar-a-un-bebe\\\/#primaryimage\",\"url\":\"https:\\\/\\\/colchonesaznar.com\\\/blog\\\/wp-content\\\/uploads\\\/2018\\\/05\\\/despertar-a-un-beb\u00e9.jpg\",\"contentUrl\":\"https:\\\/\\\/colchonesaznar.com\\\/blog\\\/wp-content\\\/uploads\\\/2018\\\/05\\\/despertar-a-un-beb\u00e9.jpg\",\"width\":1920,\"height\":1272,\"caption\":\"despertar a un beb\u00e9\"},{\"@type\":\"BreadcrumbList\",\"@id\":\"https:\\\/\\\/colchonesaznar.com\\\/blog\\\/despertar-a-un-bebe\\\/#breadcrumb\",\"itemListElement\":[{\"@type\":\"ListItem\",\"position\":1,\"name\":\"Home\",\"item\":\"https:\\\/\\\/colchonesaznar.com\\\/blog\\\/\"},{\"@type\":\"ListItem\",\"position\":2,\"name\":\"\u00bfEs bueno despertar a un beb\u00e9?\"}]},{\"@type\":\"WebSite\",\"@id\":\"https:\\\/\\\/colchonesaznar.com\\\/blog\\\/#website\",\"url\":\"https:\\\/\\\/colchonesaznar.com\\\/blog\\\/\",\"name\":\"Colchones Aznar - Blog\",\"description\":\"ColchonesAznar\",\"publisher\":{\"@id\":\"https:\\\/\\\/colchonesaznar.com\\\/blog\\\/#organization\"},\"potentialAction\":[{\"@type\":\"SearchAction\",\"target\":{\"@type\":\"EntryPoint\",\"urlTemplate\":\"https:\\\/\\\/colchonesaznar.com\\\/blog\\\/?s={search_term_string}\"},\"query-input\":{\"@type\":\"PropertyValueSpecification\",\"valueRequired\":true,\"valueName\":\"search_term_string\"}}],\"inLanguage\":\"es\"},{\"@type\":\"Organization\",\"@id\":\"https:\\\/\\\/colchonesaznar.com\\\/blog\\\/#organization\",\"name\":\"Colchones Aznar\",\"url\":\"https:\\\/\\\/colchonesaznar.com\\\/blog\\\/\",\"logo\":{\"@type\":\"ImageObject\",\"inLanguage\":\"es\",\"@id\":\"https:\\\/\\\/colchonesaznar.com\\\/blog\\\/#\\\/schema\\\/logo\\\/image\\\/\",\"url\":\"https:\\\/\\\/colchonesaznar.com\\\/blog\\\/wp-content\\\/uploads\\\/2019\\\/04\\\/opiniones-colchones.jpg\",\"contentUrl\":\"https:\\\/\\\/colchonesaznar.com\\\/blog\\\/wp-content\\\/uploads\\\/2019\\\/04\\\/opiniones-colchones.jpg\",\"width\":1419,\"height\":1419,\"caption\":\"Colchones Aznar\"},\"image\":{\"@id\":\"https:\\\/\\\/colchonesaznar.com\\\/blog\\\/#\\\/schema\\\/logo\\\/image\\\/\"},\"sameAs\":[\"https:\\\/\\\/www.facebook.com\\\/ColchonesAznar\\\/\",\"https:\\\/\\\/x.com\\\/colchonesaznar\",\"https:\\\/\\\/www.instagram.com\\\/aznarcolchones\\\/?hl=es\"]},{\"@type\":\"Person\",\"@id\":\"https:\\\/\\\/colchonesaznar.com\\\/blog\\\/#\\\/schema\\\/person\\\/9c082b62743326738763277031fec1ff\",\"name\":\"Experto\",\"image\":{\"@type\":\"ImageObject\",\"inLanguage\":\"es\",\"@id\":\"https:\\\/\\\/secure.gravatar.com\\\/avatar\\\/4e247aaf28da6d4140c419f96046c8f1c4168f2064235099605898886bb4b57e?s=96&d=mm&r=g\",\"url\":\"https:\\\/\\\/secure.gravatar.com\\\/avatar\\\/4e247aaf28da6d4140c419f96046c8f1c4168f2064235099605898886bb4b57e?s=96&d=mm&r=g\",\"contentUrl\":\"https:\\\/\\\/secure.gravatar.com\\\/avatar\\\/4e247aaf28da6d4140c419f96046c8f1c4168f2064235099605898886bb4b57e?s=96&d=mm&r=g\",\"caption\":\"Experto\"},\"sameAs\":[\"https:\\\/\\\/es.linkedin.com\\\/in\\\/manuel-monreal-97913744\"],\"url\":\"https:\\\/\\\/colchonesaznar.com\\\/blog\\\/author\\\/manuel\\\/\"}]}<\/script>\n<!-- \/ Yoast SEO plugin. -->","yoast_head_json":{"title":"\u00bfEs bueno despertar a un beb\u00e9?","description":"Despertar a un beb\u00e9\u00a0para que coma es necesario en algunos casos, pero la mayor\u00eda tan solo debe ajustarse a una correcta rutina del sue\u00f1o.","robots":{"index":"index","follow":"follow","max-snippet":"max-snippet:-1","max-image-preview":"max-image-preview:large","max-video-preview":"max-video-preview:-1"},"canonical":"https:\/\/colchonesaznar.com\/blog\/despertar-a-un-bebe\/","og_locale":"es_ES","og_type":"article","og_title":"\u00bfEs bueno despertar a un beb\u00e9?","og_description":"Despertar a un beb\u00e9\u00a0para que coma es necesario en algunos casos, pero la mayor\u00eda tan solo debe ajustarse a una correcta rutina del sue\u00f1o.","og_url":"https:\/\/colchonesaznar.com\/blog\/despertar-a-un-bebe\/","og_site_name":"ColchonesAznar - Blog","article_publisher":"https:\/\/www.facebook.com\/ColchonesAznar\/","article_published_time":"2018-05-15T08:30:21+00:00","article_modified_time":"2024-03-08T10:27:29+00:00","og_image":[{"width":1920,"height":1272,"url":"https:\/\/colchonesaznar.com\/blog\/wp-content\/uploads\/2018\/05\/despertar-a-un-beb\u00e9.jpg","type":"image\/jpeg"}],"author":"Experto","twitter_card":"summary_large_image","twitter_creator":"@colchonesaznar","twitter_site":"@colchonesaznar","twitter_misc":{"Escrito por":"Experto","Tiempo de lectura":"4 minutos"},"schema":{"@context":"https:\/\/schema.org","@graph":[{"@type":"Article","@id":"https:\/\/colchonesaznar.com\/blog\/despertar-a-un-bebe\/#article","isPartOf":{"@id":"https:\/\/colchonesaznar.com\/blog\/despertar-a-un-bebe\/"},"author":{"name":"Experto","@id":"https:\/\/colchonesaznar.com\/blog\/#\/schema\/person\/9c082b62743326738763277031fec1ff"},"headline":"\u00bfEs bueno despertar a un beb\u00e9?","datePublished":"2018-05-15T08:30:21+00:00","dateModified":"2024-03-08T10:27:29+00:00","mainEntityOfPage":{"@id":"https:\/\/colchonesaznar.com\/blog\/despertar-a-un-bebe\/"},"wordCount":690,"commentCount":0,"publisher":{"@id":"https:\/\/colchonesaznar.com\/blog\/#organization"},"image":{"@id":"https:\/\/colchonesaznar.com\/blog\/despertar-a-un-bebe\/#primaryimage"},"thumbnailUrl":"https:\/\/colchonesaznar.com\/blog\/wp-content\/uploads\/2018\/05\/despertar-a-un-beb\u00e9.jpg","keywords":["beb\u00e9"],"articleSection":["Consejos y Recomendaciones"],"inLanguage":"es","potentialAction":[{"@type":"CommentAction","name":"Comment","target":["https:\/\/colchonesaznar.com\/blog\/despertar-a-un-bebe\/#respond"]}]},{"@type":"WebPage","@id":"https:\/\/colchonesaznar.com\/blog\/despertar-a-un-bebe\/","url":"https:\/\/colchonesaznar.com\/blog\/despertar-a-un-bebe\/","name":"\u00bfEs bueno despertar a un beb\u00e9?","isPartOf":{"@id":"https:\/\/colchonesaznar.com\/blog\/#website"},"primaryImageOfPage":{"@id":"https:\/\/colchonesaznar.com\/blog\/despertar-a-un-bebe\/#primaryimage"},"image":{"@id":"https:\/\/colchonesaznar.com\/blog\/despertar-a-un-bebe\/#primaryimage"},"thumbnailUrl":"https:\/\/colchonesaznar.com\/blog\/wp-content\/uploads\/2018\/05\/despertar-a-un-beb\u00e9.jpg","datePublished":"2018-05-15T08:30:21+00:00","dateModified":"2024-03-08T10:27:29+00:00","description":"Despertar a un beb\u00e9\u00a0para que coma es necesario en algunos casos, pero la mayor\u00eda tan solo debe ajustarse a una correcta rutina del sue\u00f1o.","breadcrumb":{"@id":"https:\/\/colchonesaznar.com\/blog\/despertar-a-un-bebe\/#breadcrumb"},"inLanguage":"es","potentialAction":[{"@type":"ReadAction","target":["https:\/\/colchonesaznar.com\/blog\/despertar-a-un-bebe\/"]}]},{"@type":"ImageObject","inLanguage":"es","@id":"https:\/\/colchonesaznar.com\/blog\/despertar-a-un-bebe\/#primaryimage","url":"https:\/\/colchonesaznar.com\/blog\/wp-content\/uploads\/2018\/05\/despertar-a-un-beb\u00e9.jpg","contentUrl":"https:\/\/colchonesaznar.com\/blog\/wp-content\/uploads\/2018\/05\/despertar-a-un-beb\u00e9.jpg","width":1920,"height":1272,"caption":"despertar a un beb\u00e9"},{"@type":"BreadcrumbList","@id":"https:\/\/colchonesaznar.com\/blog\/despertar-a-un-bebe\/#breadcrumb","itemListElement":[{"@type":"ListItem","position":1,"name":"Home","item":"https:\/\/colchonesaznar.com\/blog\/"},{"@type":"ListItem","position":2,"name":"\u00bfEs bueno despertar a un beb\u00e9?"}]},{"@type":"WebSite","@id":"https:\/\/colchonesaznar.com\/blog\/#website","url":"https:\/\/colchonesaznar.com\/blog\/","name":"Colchones Aznar - Blog","description":"ColchonesAznar","publisher":{"@id":"https:\/\/colchonesaznar.com\/blog\/#organization"},"potentialAction":[{"@type":"SearchAction","target":{"@type":"EntryPoint","urlTemplate":"https:\/\/colchonesaznar.com\/blog\/?s={search_term_string}"},"query-input":{"@type":"PropertyValueSpecification","valueRequired":true,"valueName":"search_term_string"}}],"inLanguage":"es"},{"@type":"Organization","@id":"https:\/\/colchonesaznar.com\/blog\/#organization","name":"Colchones Aznar","url":"https:\/\/colchonesaznar.com\/blog\/","logo":{"@type":"ImageObject","inLanguage":"es","@id":"https:\/\/colchonesaznar.com\/blog\/#\/schema\/logo\/image\/","url":"https:\/\/colchonesaznar.com\/blog\/wp-content\/uploads\/2019\/04\/opiniones-colchones.jpg","contentUrl":"https:\/\/colchonesaznar.com\/blog\/wp-content\/uploads\/2019\/04\/opiniones-colchones.jpg","width":1419,"height":1419,"caption":"Colchones Aznar"},"image":{"@id":"https:\/\/colchonesaznar.com\/blog\/#\/schema\/logo\/image\/"},"sameAs":["https:\/\/www.facebook.com\/ColchonesAznar\/","https:\/\/x.com\/colchonesaznar","https:\/\/www.instagram.com\/aznarcolchones\/?hl=es"]},{"@type":"Person","@id":"https:\/\/colchonesaznar.com\/blog\/#\/schema\/person\/9c082b62743326738763277031fec1ff","name":"Experto","image":{"@type":"ImageObject","inLanguage":"es","@id":"https:\/\/secure.gravatar.com\/avatar\/4e247aaf28da6d4140c419f96046c8f1c4168f2064235099605898886bb4b57e?s=96&d=mm&r=g","url":"https:\/\/secure.gravatar.com\/avatar\/4e247aaf28da6d4140c419f96046c8f1c4168f2064235099605898886bb4b57e?s=96&d=mm&r=g","contentUrl":"https:\/\/secure.gravatar.com\/avatar\/4e247aaf28da6d4140c419f96046c8f1c4168f2064235099605898886bb4b57e?s=96&d=mm&r=g","caption":"Experto"},"sameAs":["https:\/\/es.linkedin.com\/in\/manuel-monreal-97913744"],"url":"https:\/\/colchonesaznar.com\/blog\/author\/manuel\/"}]}},"_links":{"self":[{"href":"https:\/\/colchonesaznar.com\/blog\/wp-json\/wp\/v2\/posts\/9022","targetHints":{"allow":["GET"]}}],"collection":[{"href":"https:\/\/colchonesaznar.com\/blog\/wp-json\/wp\/v2\/posts"}],"about":[{"href":"https:\/\/colchonesaznar.com\/blog\/wp-json\/wp\/v2\/types\/post"}],"author":[{"embeddable":true,"href":"https:\/\/colchonesaznar.com\/blog\/wp-json\/wp\/v2\/users\/7"}],"replies":[{"embeddable":true,"href":"https:\/\/colchonesaznar.com\/blog\/wp-json\/wp\/v2\/comments?post=9022"}],"version-history":[{"count":5,"href":"https:\/\/colchonesaznar.com\/blog\/wp-json\/wp\/v2\/posts\/9022\/revisions"}],"predecessor-version":[{"id":15217,"href":"https:\/\/colchonesaznar.com\/blog\/wp-json\/wp\/v2\/posts\/9022\/revisions\/15217"}],"wp:featuredmedia":[{"embeddable":true,"href":"https:\/\/colchonesaznar.com\/blog\/wp-json\/wp\/v2\/media\/9023"}],"wp:attachment":[{"href":"https:\/\/colchonesaznar.com\/blog\/wp-json\/wp\/v2\/media?parent=9022"}],"wp:term":[{"taxonomy":"category","embeddable":true,"href":"https:\/\/colchonesaznar.com\/blog\/wp-json\/wp\/v2\/categories?post=9022"},{"taxonomy":"post_tag","embeddable":true,"href":"https:\/\/colchonesaznar.com\/blog\/wp-json\/wp\/v2\/tags?post=9022"}],"curies":[{"name":"wp","href":"https:\/\/api.w.org\/{rel}","templated":true}]}}