{"id":9872,"date":"2018-12-06T08:30:09","date_gmt":"2018-12-06T08:30:09","guid":{"rendered":"https:\/\/colchonesaznar.com\/blog\/?p=9872"},"modified":"2024-03-01T10:55:21","modified_gmt":"2024-03-01T10:55:21","slug":"sonambulo","status":"publish","type":"post","link":"https:\/\/colchonesaznar.com\/blog\/sonambulo\/","title":{"rendered":"\u00bfEres Son\u00e1mbulo? S\u00edntomas."},"content":{"rendered":"<p>El tratamiento del <strong>son\u00e1mbulo<\/strong> puede estar relacionado con periodos de estr\u00e9s, por lo que es aconsejable seguir unas t\u00e9cnicas psicol\u00f3gicas.<\/p>\n<p style=\"text-align: center;\"><em><span style=\"color: #339966;\">\u00bfEres son\u00e1mbulo o conoces a alguien que lo sea?<\/span><\/em><\/p>\n<p>Seguramente la respuesta es afirmativa, ya sea un familiar, un amigo, tu pareja o incluso tu mismo.<\/p>\n<p>Todos hemos escuchado <strong>historias de son\u00e1mbulos<\/strong> que se despiertan por la noche hablando, que se levantan e incluso salen del dormitorio.<\/p>\n<h2 style=\"text-align: center;\"><span style=\"color: #339966;\">\u00bfQu\u00e9 es realmente ser son\u00e1mbulo?<\/span><\/h2>\n<p>El sonambulismo es un<strong> trastorno del sue\u00f1o<\/strong> que suele aparecer durante la fase del sue\u00f1o No Rem, es decir alrededor de los tres cuartos de hora del inicio del sue\u00f1o.<\/p>\n<p>Este trastorno no altera el sue\u00f1o del durmiente, ya que suele durar m\u00e1ximo 10 minutos, y al d\u00eda siguiente no recordar\u00e1 nada de lo sucedido.<\/p>\n<p>Puede levantarse de la cama, caminar o hablar, pero sin ser consciente de que lo esta haciendo, incluso aunque permanezca con los ojos abiertos.<\/p>\n<blockquote>\n<p style=\"text-align: center;\"><span style=\"color: #339966;\"><em>Es un tipo de trastorno cuyo origen no esta del todo claro.<\/em><\/span><\/p>\n<\/blockquote>\n<p>Adem\u00e1s de ser un <strong>componente hereditario<\/strong>, puede ser consecuencia de estr\u00e9s, de la ingesta de alcohol o sustancias estupefacientes e incluso derivado de un trastorno mental.<\/p>\n<p>Suele ser <strong>m\u00e1s com\u00fan en varones entre los 4 y los 12 a\u00f1os<\/strong>, desapareciendo de manera gradual con el paso de los a\u00f1os.<\/p>\n<p><a href=\"https:\/\/colchonesaznar.com\/blog\/wp-content\/uploads\/2018\/12\/trastorno-del-sue\u00f1o.jpeg\"><img loading=\"lazy\" decoding=\"async\" class=\"aligncenter wp-image-9876 size-large\" src=\"https:\/\/colchonesaznar.com\/blog\/wp-content\/uploads\/2018\/12\/trastorno-del-sue\u00f1o-1024x758.jpeg\" alt=\"trastorno del sue\u00f1o\" width=\"696\" height=\"515\" srcset=\"https:\/\/colchonesaznar.com\/blog\/wp-content\/uploads\/2018\/12\/trastorno-del-sue\u00f1o-1024x758.jpeg 1024w, https:\/\/colchonesaznar.com\/blog\/wp-content\/uploads\/2018\/12\/trastorno-del-sue\u00f1o-300x222.jpeg 300w, https:\/\/colchonesaznar.com\/blog\/wp-content\/uploads\/2018\/12\/trastorno-del-sue\u00f1o-768x568.jpeg 768w, https:\/\/colchonesaznar.com\/blog\/wp-content\/uploads\/2018\/12\/trastorno-del-sue\u00f1o.jpeg 1280w\" sizes=\"auto, (max-width: 696px) 100vw, 696px\" \/><\/a><\/p>\n<h3 style=\"text-align: center;\"><span style=\"color: #339966;\"><b>S\u00cdNTOMAS DEL SON\u00c1MBULO<\/b><\/span><\/h3>\n<p>Si estas dudando si tu pareja o alg\u00fan familiar con el que convives es son\u00e1mbulo, te se\u00f1alamos algunos de los s\u00edntomas caracter\u00edsticos durante el sonambulismo:<\/p>\n<p><span style=\"color: #339966;\">&#8211;<\/span> Sentarse en la cama.<\/p>\n<p><span style=\"color: #339966;\">&#8211;<\/span> Realizar alguna actividad cotidiana como vestirse o peinarse.<\/p>\n<p><span style=\"color: #339966;\">&#8211;<\/span> Deambular por la casa con paso lento.<\/p>\n<p><span style=\"color: #339966;\">&#8211;<\/span> Decir frases sin sentido.<\/p>\n<p><span style=\"color: #339966;\">&#8211;<\/span> Realizar actividades automatizadas.<\/p>\n<p><span style=\"color: #339966;\">&#8211;<\/span> Ser receptivo al sonido.<\/p>\n<p><span style=\"color: #339966;\">&#8211;<\/span> Rara vez suelen salir de casa o mostrase agresivos.<\/p>\n<p>Si durante este tiempo el son\u00e1mbulo se despierta, es normal que se sienta desorientado durante unos minutos, por ello es <strong>aconsejable no despertarlo<\/strong>.<\/p>\n<p>Es importante recalcar que el<strong> sonambulismo<\/strong> no entra\u00f1a ning\u00fan tipo de peligro para el durmiente, pero si es aconsejable adecuar la estancia de modo que el durmiente no se lesione o se escape.<\/p>\n<p style=\"text-align: center;\">Cu\u00e9ntanos que necesitas. <strong>\u00a1Queremos ayudarte!<\/strong><\/p>\n","protected":false},"excerpt":{"rendered":"<p>El tratamiento del son\u00e1mbulo puede estar relacionado con periodos de estr\u00e9s, por lo que es aconsejable seguir unas t\u00e9cnicas psicol\u00f3gicas. \u00bfEres son\u00e1mbulo o conoces a alguien que lo sea? Seguramente la respuesta es afirmativa, ya sea un familiar, un amigo, tu pareja o incluso tu mismo. Todos hemos escuchado historias de son\u00e1mbulos que se despiertan [&hellip;]<\/p>\n","protected":false},"author":7,"featured_media":9873,"comment_status":"open","ping_status":"open","sticky":false,"template":"","format":"standard","meta":{"footnotes":""},"categories":[5],"tags":[406],"class_list":["post-9872","post","type-post","status-publish","format-standard","has-post-thumbnail","hentry","category-consejos-recomendaciones","tag-sonambulo"],"yoast_head":"<!-- This site is optimized with the Yoast SEO plugin v27.9 - https:\/\/yoast.com\/product\/yoast-seo-wordpress\/ -->\n<title>\u00bfEres Son\u00e1mbulo? S\u00edntomas.<\/title>\n<meta name=\"description\" content=\"El tratamiento del son\u00e1mbulo puede estar relacionado con periodos de estr\u00e9s, \u00bfEres son\u00e1mbulo? Aqu\u00ed te dejamos los s\u00edntomas.\" \/>\n<meta name=\"robots\" content=\"index, follow, max-snippet:-1, max-image-preview:large, max-video-preview:-1\" \/>\n<link rel=\"canonical\" href=\"https:\/\/colchonesaznar.com\/blog\/sonambulo\/\" \/>\n<meta property=\"og:locale\" content=\"es_ES\" \/>\n<meta property=\"og:type\" content=\"article\" \/>\n<meta property=\"og:title\" content=\"\u00bfEres Son\u00e1mbulo? S\u00edntomas.\" \/>\n<meta property=\"og:description\" content=\"El tratamiento del son\u00e1mbulo puede estar relacionado con periodos de estr\u00e9s, \u00bfEres son\u00e1mbulo? Aqu\u00ed te dejamos los s\u00edntomas.\" \/>\n<meta property=\"og:url\" content=\"https:\/\/colchonesaznar.com\/blog\/sonambulo\/\" \/>\n<meta property=\"og:site_name\" content=\"ColchonesAznar - Blog\" \/>\n<meta property=\"article:publisher\" content=\"https:\/\/www.facebook.com\/ColchonesAznar\/\" \/>\n<meta property=\"article:published_time\" content=\"2018-12-06T08:30:09+00:00\" \/>\n<meta property=\"article:modified_time\" content=\"2024-03-01T10:55:21+00:00\" \/>\n<meta property=\"og:image\" content=\"https:\/\/colchonesaznar.com\/blog\/wp-content\/uploads\/2018\/12\/sonambulo.jpg\" \/>\n\t<meta property=\"og:image:width\" content=\"668\" \/>\n\t<meta property=\"og:image:height\" content=\"400\" \/>\n\t<meta property=\"og:image:type\" content=\"image\/jpeg\" \/>\n<meta name=\"author\" content=\"Experto\" \/>\n<meta name=\"twitter:card\" content=\"summary_large_image\" \/>\n<meta name=\"twitter:creator\" content=\"@colchonesaznar\" \/>\n<meta name=\"twitter:site\" content=\"@colchonesaznar\" \/>\n<meta name=\"twitter:label1\" content=\"Escrito por\" \/>\n\t<meta name=\"twitter:data1\" content=\"Experto\" \/>\n\t<meta name=\"twitter:label2\" content=\"Tiempo de lectura\" \/>\n\t<meta name=\"twitter:data2\" content=\"2 minutos\" \/>\n<script type=\"application\/ld+json\" class=\"yoast-schema-graph\">{\"@context\":\"https:\\\/\\\/schema.org\",\"@graph\":[{\"@type\":\"Article\",\"@id\":\"https:\\\/\\\/colchonesaznar.com\\\/blog\\\/sonambulo\\\/#article\",\"isPartOf\":{\"@id\":\"https:\\\/\\\/colchonesaznar.com\\\/blog\\\/sonambulo\\\/\"},\"author\":{\"name\":\"Experto\",\"@id\":\"https:\\\/\\\/colchonesaznar.com\\\/blog\\\/#\\\/schema\\\/person\\\/9c082b62743326738763277031fec1ff\"},\"headline\":\"\u00bfEres Son\u00e1mbulo? S\u00edntomas.\",\"datePublished\":\"2018-12-06T08:30:09+00:00\",\"dateModified\":\"2024-03-01T10:55:21+00:00\",\"mainEntityOfPage\":{\"@id\":\"https:\\\/\\\/colchonesaznar.com\\\/blog\\\/sonambulo\\\/\"},\"wordCount\":379,\"commentCount\":0,\"publisher\":{\"@id\":\"https:\\\/\\\/colchonesaznar.com\\\/blog\\\/#organization\"},\"image\":{\"@id\":\"https:\\\/\\\/colchonesaznar.com\\\/blog\\\/sonambulo\\\/#primaryimage\"},\"thumbnailUrl\":\"https:\\\/\\\/colchonesaznar.com\\\/blog\\\/wp-content\\\/uploads\\\/2018\\\/12\\\/sonambulo.jpg\",\"keywords\":[\"son\u00e1mbulo\"],\"articleSection\":[\"Consejos y Recomendaciones\"],\"inLanguage\":\"es\",\"potentialAction\":[{\"@type\":\"CommentAction\",\"name\":\"Comment\",\"target\":[\"https:\\\/\\\/colchonesaznar.com\\\/blog\\\/sonambulo\\\/#respond\"]}]},{\"@type\":\"WebPage\",\"@id\":\"https:\\\/\\\/colchonesaznar.com\\\/blog\\\/sonambulo\\\/\",\"url\":\"https:\\\/\\\/colchonesaznar.com\\\/blog\\\/sonambulo\\\/\",\"name\":\"\u00bfEres Son\u00e1mbulo? S\u00edntomas.\",\"isPartOf\":{\"@id\":\"https:\\\/\\\/colchonesaznar.com\\\/blog\\\/#website\"},\"primaryImageOfPage\":{\"@id\":\"https:\\\/\\\/colchonesaznar.com\\\/blog\\\/sonambulo\\\/#primaryimage\"},\"image\":{\"@id\":\"https:\\\/\\\/colchonesaznar.com\\\/blog\\\/sonambulo\\\/#primaryimage\"},\"thumbnailUrl\":\"https:\\\/\\\/colchonesaznar.com\\\/blog\\\/wp-content\\\/uploads\\\/2018\\\/12\\\/sonambulo.jpg\",\"datePublished\":\"2018-12-06T08:30:09+00:00\",\"dateModified\":\"2024-03-01T10:55:21+00:00\",\"description\":\"El tratamiento del son\u00e1mbulo puede estar relacionado con periodos de estr\u00e9s, \u00bfEres son\u00e1mbulo? Aqu\u00ed te dejamos los s\u00edntomas.\",\"breadcrumb\":{\"@id\":\"https:\\\/\\\/colchonesaznar.com\\\/blog\\\/sonambulo\\\/#breadcrumb\"},\"inLanguage\":\"es\",\"potentialAction\":[{\"@type\":\"ReadAction\",\"target\":[\"https:\\\/\\\/colchonesaznar.com\\\/blog\\\/sonambulo\\\/\"]}]},{\"@type\":\"ImageObject\",\"inLanguage\":\"es\",\"@id\":\"https:\\\/\\\/colchonesaznar.com\\\/blog\\\/sonambulo\\\/#primaryimage\",\"url\":\"https:\\\/\\\/colchonesaznar.com\\\/blog\\\/wp-content\\\/uploads\\\/2018\\\/12\\\/sonambulo.jpg\",\"contentUrl\":\"https:\\\/\\\/colchonesaznar.com\\\/blog\\\/wp-content\\\/uploads\\\/2018\\\/12\\\/sonambulo.jpg\",\"width\":668,\"height\":400,\"caption\":\"son\u00e1mbulo\"},{\"@type\":\"BreadcrumbList\",\"@id\":\"https:\\\/\\\/colchonesaznar.com\\\/blog\\\/sonambulo\\\/#breadcrumb\",\"itemListElement\":[{\"@type\":\"ListItem\",\"position\":1,\"name\":\"Home\",\"item\":\"https:\\\/\\\/colchonesaznar.com\\\/blog\\\/\"},{\"@type\":\"ListItem\",\"position\":2,\"name\":\"\u00bfEres Son\u00e1mbulo? S\u00edntomas.\"}]},{\"@type\":\"WebSite\",\"@id\":\"https:\\\/\\\/colchonesaznar.com\\\/blog\\\/#website\",\"url\":\"https:\\\/\\\/colchonesaznar.com\\\/blog\\\/\",\"name\":\"Colchones Aznar - Blog\",\"description\":\"ColchonesAznar\",\"publisher\":{\"@id\":\"https:\\\/\\\/colchonesaznar.com\\\/blog\\\/#organization\"},\"potentialAction\":[{\"@type\":\"SearchAction\",\"target\":{\"@type\":\"EntryPoint\",\"urlTemplate\":\"https:\\\/\\\/colchonesaznar.com\\\/blog\\\/?s={search_term_string}\"},\"query-input\":{\"@type\":\"PropertyValueSpecification\",\"valueRequired\":true,\"valueName\":\"search_term_string\"}}],\"inLanguage\":\"es\"},{\"@type\":\"Organization\",\"@id\":\"https:\\\/\\\/colchonesaznar.com\\\/blog\\\/#organization\",\"name\":\"Colchones Aznar\",\"url\":\"https:\\\/\\\/colchonesaznar.com\\\/blog\\\/\",\"logo\":{\"@type\":\"ImageObject\",\"inLanguage\":\"es\",\"@id\":\"https:\\\/\\\/colchonesaznar.com\\\/blog\\\/#\\\/schema\\\/logo\\\/image\\\/\",\"url\":\"https:\\\/\\\/colchonesaznar.com\\\/blog\\\/wp-content\\\/uploads\\\/2019\\\/04\\\/opiniones-colchones.jpg\",\"contentUrl\":\"https:\\\/\\\/colchonesaznar.com\\\/blog\\\/wp-content\\\/uploads\\\/2019\\\/04\\\/opiniones-colchones.jpg\",\"width\":1419,\"height\":1419,\"caption\":\"Colchones Aznar\"},\"image\":{\"@id\":\"https:\\\/\\\/colchonesaznar.com\\\/blog\\\/#\\\/schema\\\/logo\\\/image\\\/\"},\"sameAs\":[\"https:\\\/\\\/www.facebook.com\\\/ColchonesAznar\\\/\",\"https:\\\/\\\/x.com\\\/colchonesaznar\",\"https:\\\/\\\/www.instagram.com\\\/aznarcolchones\\\/?hl=es\"]},{\"@type\":\"Person\",\"@id\":\"https:\\\/\\\/colchonesaznar.com\\\/blog\\\/#\\\/schema\\\/person\\\/9c082b62743326738763277031fec1ff\",\"name\":\"Experto\",\"image\":{\"@type\":\"ImageObject\",\"inLanguage\":\"es\",\"@id\":\"https:\\\/\\\/secure.gravatar.com\\\/avatar\\\/4e247aaf28da6d4140c419f96046c8f1c4168f2064235099605898886bb4b57e?s=96&d=mm&r=g\",\"url\":\"https:\\\/\\\/secure.gravatar.com\\\/avatar\\\/4e247aaf28da6d4140c419f96046c8f1c4168f2064235099605898886bb4b57e?s=96&d=mm&r=g\",\"contentUrl\":\"https:\\\/\\\/secure.gravatar.com\\\/avatar\\\/4e247aaf28da6d4140c419f96046c8f1c4168f2064235099605898886bb4b57e?s=96&d=mm&r=g\",\"caption\":\"Experto\"},\"sameAs\":[\"https:\\\/\\\/es.linkedin.com\\\/in\\\/manuel-monreal-97913744\"],\"url\":\"https:\\\/\\\/colchonesaznar.com\\\/blog\\\/author\\\/manuel\\\/\"}]}<\/script>\n<!-- \/ Yoast SEO plugin. -->","yoast_head_json":{"title":"\u00bfEres Son\u00e1mbulo? S\u00edntomas.","description":"El tratamiento del son\u00e1mbulo puede estar relacionado con periodos de estr\u00e9s, \u00bfEres son\u00e1mbulo? Aqu\u00ed te dejamos los s\u00edntomas.","robots":{"index":"index","follow":"follow","max-snippet":"max-snippet:-1","max-image-preview":"max-image-preview:large","max-video-preview":"max-video-preview:-1"},"canonical":"https:\/\/colchonesaznar.com\/blog\/sonambulo\/","og_locale":"es_ES","og_type":"article","og_title":"\u00bfEres Son\u00e1mbulo? S\u00edntomas.","og_description":"El tratamiento del son\u00e1mbulo puede estar relacionado con periodos de estr\u00e9s, \u00bfEres son\u00e1mbulo? Aqu\u00ed te dejamos los s\u00edntomas.","og_url":"https:\/\/colchonesaznar.com\/blog\/sonambulo\/","og_site_name":"ColchonesAznar - Blog","article_publisher":"https:\/\/www.facebook.com\/ColchonesAznar\/","article_published_time":"2018-12-06T08:30:09+00:00","article_modified_time":"2024-03-01T10:55:21+00:00","og_image":[{"width":668,"height":400,"url":"https:\/\/colchonesaznar.com\/blog\/wp-content\/uploads\/2018\/12\/sonambulo.jpg","type":"image\/jpeg"}],"author":"Experto","twitter_card":"summary_large_image","twitter_creator":"@colchonesaznar","twitter_site":"@colchonesaznar","twitter_misc":{"Escrito por":"Experto","Tiempo de lectura":"2 minutos"},"schema":{"@context":"https:\/\/schema.org","@graph":[{"@type":"Article","@id":"https:\/\/colchonesaznar.com\/blog\/sonambulo\/#article","isPartOf":{"@id":"https:\/\/colchonesaznar.com\/blog\/sonambulo\/"},"author":{"name":"Experto","@id":"https:\/\/colchonesaznar.com\/blog\/#\/schema\/person\/9c082b62743326738763277031fec1ff"},"headline":"\u00bfEres Son\u00e1mbulo? S\u00edntomas.","datePublished":"2018-12-06T08:30:09+00:00","dateModified":"2024-03-01T10:55:21+00:00","mainEntityOfPage":{"@id":"https:\/\/colchonesaznar.com\/blog\/sonambulo\/"},"wordCount":379,"commentCount":0,"publisher":{"@id":"https:\/\/colchonesaznar.com\/blog\/#organization"},"image":{"@id":"https:\/\/colchonesaznar.com\/blog\/sonambulo\/#primaryimage"},"thumbnailUrl":"https:\/\/colchonesaznar.com\/blog\/wp-content\/uploads\/2018\/12\/sonambulo.jpg","keywords":["son\u00e1mbulo"],"articleSection":["Consejos y Recomendaciones"],"inLanguage":"es","potentialAction":[{"@type":"CommentAction","name":"Comment","target":["https:\/\/colchonesaznar.com\/blog\/sonambulo\/#respond"]}]},{"@type":"WebPage","@id":"https:\/\/colchonesaznar.com\/blog\/sonambulo\/","url":"https:\/\/colchonesaznar.com\/blog\/sonambulo\/","name":"\u00bfEres Son\u00e1mbulo? S\u00edntomas.","isPartOf":{"@id":"https:\/\/colchonesaznar.com\/blog\/#website"},"primaryImageOfPage":{"@id":"https:\/\/colchonesaznar.com\/blog\/sonambulo\/#primaryimage"},"image":{"@id":"https:\/\/colchonesaznar.com\/blog\/sonambulo\/#primaryimage"},"thumbnailUrl":"https:\/\/colchonesaznar.com\/blog\/wp-content\/uploads\/2018\/12\/sonambulo.jpg","datePublished":"2018-12-06T08:30:09+00:00","dateModified":"2024-03-01T10:55:21+00:00","description":"El tratamiento del son\u00e1mbulo puede estar relacionado con periodos de estr\u00e9s, \u00bfEres son\u00e1mbulo? Aqu\u00ed te dejamos los s\u00edntomas.","breadcrumb":{"@id":"https:\/\/colchonesaznar.com\/blog\/sonambulo\/#breadcrumb"},"inLanguage":"es","potentialAction":[{"@type":"ReadAction","target":["https:\/\/colchonesaznar.com\/blog\/sonambulo\/"]}]},{"@type":"ImageObject","inLanguage":"es","@id":"https:\/\/colchonesaznar.com\/blog\/sonambulo\/#primaryimage","url":"https:\/\/colchonesaznar.com\/blog\/wp-content\/uploads\/2018\/12\/sonambulo.jpg","contentUrl":"https:\/\/colchonesaznar.com\/blog\/wp-content\/uploads\/2018\/12\/sonambulo.jpg","width":668,"height":400,"caption":"son\u00e1mbulo"},{"@type":"BreadcrumbList","@id":"https:\/\/colchonesaznar.com\/blog\/sonambulo\/#breadcrumb","itemListElement":[{"@type":"ListItem","position":1,"name":"Home","item":"https:\/\/colchonesaznar.com\/blog\/"},{"@type":"ListItem","position":2,"name":"\u00bfEres Son\u00e1mbulo? S\u00edntomas."}]},{"@type":"WebSite","@id":"https:\/\/colchonesaznar.com\/blog\/#website","url":"https:\/\/colchonesaznar.com\/blog\/","name":"Colchones Aznar - Blog","description":"ColchonesAznar","publisher":{"@id":"https:\/\/colchonesaznar.com\/blog\/#organization"},"potentialAction":[{"@type":"SearchAction","target":{"@type":"EntryPoint","urlTemplate":"https:\/\/colchonesaznar.com\/blog\/?s={search_term_string}"},"query-input":{"@type":"PropertyValueSpecification","valueRequired":true,"valueName":"search_term_string"}}],"inLanguage":"es"},{"@type":"Organization","@id":"https:\/\/colchonesaznar.com\/blog\/#organization","name":"Colchones Aznar","url":"https:\/\/colchonesaznar.com\/blog\/","logo":{"@type":"ImageObject","inLanguage":"es","@id":"https:\/\/colchonesaznar.com\/blog\/#\/schema\/logo\/image\/","url":"https:\/\/colchonesaznar.com\/blog\/wp-content\/uploads\/2019\/04\/opiniones-colchones.jpg","contentUrl":"https:\/\/colchonesaznar.com\/blog\/wp-content\/uploads\/2019\/04\/opiniones-colchones.jpg","width":1419,"height":1419,"caption":"Colchones Aznar"},"image":{"@id":"https:\/\/colchonesaznar.com\/blog\/#\/schema\/logo\/image\/"},"sameAs":["https:\/\/www.facebook.com\/ColchonesAznar\/","https:\/\/x.com\/colchonesaznar","https:\/\/www.instagram.com\/aznarcolchones\/?hl=es"]},{"@type":"Person","@id":"https:\/\/colchonesaznar.com\/blog\/#\/schema\/person\/9c082b62743326738763277031fec1ff","name":"Experto","image":{"@type":"ImageObject","inLanguage":"es","@id":"https:\/\/secure.gravatar.com\/avatar\/4e247aaf28da6d4140c419f96046c8f1c4168f2064235099605898886bb4b57e?s=96&d=mm&r=g","url":"https:\/\/secure.gravatar.com\/avatar\/4e247aaf28da6d4140c419f96046c8f1c4168f2064235099605898886bb4b57e?s=96&d=mm&r=g","contentUrl":"https:\/\/secure.gravatar.com\/avatar\/4e247aaf28da6d4140c419f96046c8f1c4168f2064235099605898886bb4b57e?s=96&d=mm&r=g","caption":"Experto"},"sameAs":["https:\/\/es.linkedin.com\/in\/manuel-monreal-97913744"],"url":"https:\/\/colchonesaznar.com\/blog\/author\/manuel\/"}]}},"_links":{"self":[{"href":"https:\/\/colchonesaznar.com\/blog\/wp-json\/wp\/v2\/posts\/9872","targetHints":{"allow":["GET"]}}],"collection":[{"href":"https:\/\/colchonesaznar.com\/blog\/wp-json\/wp\/v2\/posts"}],"about":[{"href":"https:\/\/colchonesaznar.com\/blog\/wp-json\/wp\/v2\/types\/post"}],"author":[{"embeddable":true,"href":"https:\/\/colchonesaznar.com\/blog\/wp-json\/wp\/v2\/users\/7"}],"replies":[{"embeddable":true,"href":"https:\/\/colchonesaznar.com\/blog\/wp-json\/wp\/v2\/comments?post=9872"}],"version-history":[{"count":3,"href":"https:\/\/colchonesaznar.com\/blog\/wp-json\/wp\/v2\/posts\/9872\/revisions"}],"predecessor-version":[{"id":15181,"href":"https:\/\/colchonesaznar.com\/blog\/wp-json\/wp\/v2\/posts\/9872\/revisions\/15181"}],"wp:featuredmedia":[{"embeddable":true,"href":"https:\/\/colchonesaznar.com\/blog\/wp-json\/wp\/v2\/media\/9873"}],"wp:attachment":[{"href":"https:\/\/colchonesaznar.com\/blog\/wp-json\/wp\/v2\/media?parent=9872"}],"wp:term":[{"taxonomy":"category","embeddable":true,"href":"https:\/\/colchonesaznar.com\/blog\/wp-json\/wp\/v2\/categories?post=9872"},{"taxonomy":"post_tag","embeddable":true,"href":"https:\/\/colchonesaznar.com\/blog\/wp-json\/wp\/v2\/tags?post=9872"}],"curies":[{"name":"wp","href":"https:\/\/api.w.org\/{rel}","templated":true}]}}